{"id":21124,"date":"2025-04-19T00:36:06","date_gmt":"2025-04-19T00:36:06","guid":{"rendered":"https:\/\/haberbesiktas.tr\/?p=21124"},"modified":"2025-04-19T00:36:06","modified_gmt":"2025-04-19T00:36:06","slug":"eyupspor-besiktas-muhtemel-11ler","status":"publish","type":"post","link":"https:\/\/haberbesiktas.tr\/?p=21124","title":{"rendered":"Ey\u00fcpspor &#8211; Be\u015fikta\u015f: Muhtemel 11&#8217;ler"},"content":{"rendered":"<div>Be\u015fikta\u015f, Trendyol \u00dcst\u00fcn Lig&#8217;in 25. haftas\u0131nda ikas Ey\u00fcpspor&#8217;a konuk olacak. M\u00fcsabaka beIN Sports 1 ekranlar\u0131ndan yay\u0131mlanacak.<\/p>\n<p> Recep Tayyip Erdo\u011fan Stad\u0131&#8217;nda oynanacak kar\u015f\u0131la\u015fma, saat 20.00&#8217;de ba\u015flayacak. M\u00fccadeleyi\u00a0<span>Muhammet Ali Meto\u011flu y\u00f6netecek.<\/span><\/p>\n<p> Ligde \u00e7\u0131kt\u0131\u011f\u0131 22 ma\u00e7ta 10 galibiyet, 8 beraberlik ve 4 ma\u011flubiyet ya\u015fayan Be\u015fikta\u015f, 38 puanla 5. basamakta yer al\u0131yor.<\/p>\n<p> Teknik y\u00f6netici Ole Gunnar Solskjaer idaresinde son haftalarda \u00e7\u0131k\u0131\u015fa ge\u00e7en siyah-beyazl\u0131lar, Trendyol S\u00fcper Lig&#8217;de oynad\u0131\u011f\u0131 son 7 kar\u015f\u0131la\u015fmada 3 galibiyet, 4 beraberlik elde etti.<\/p>\n<p> &#8220;Kara kartal&#8221;, ikas Ey\u00fcpspor&#8217;u yenerek Avrupa kupalar\u0131na kat\u0131lma yolunda kusur yapmak istemiyor.<\/p>\n<p> Ey\u00fcpspor ise ligde yapt\u0131\u011f\u0131 23 ma\u00e7ta 11 galibiyet, 7 beraberlik ve 5 ma\u011flubiyet ald\u0131 ve toplad\u0131\u011f\u0131 40 puanla 4. s\u0131rada bulunuyor.<\/p>\n<p> Ligde oynad\u0131\u011f\u0131 son 7 m\u00fcsabakada 4 kere alandan galip ayr\u0131lan eflatun-sar\u0131l\u0131 tak\u0131m, rakipleriyle 2 kere puanlar\u0131 payla\u015f\u0131rken 1 defa de haftay\u0131 puans\u0131z kapatt\u0131.<\/p>\n<p> <strong>MUHTEMEL 11&#8217;LER<\/strong><\/p>\n<p> <strong>Ey\u00fcpspor XI:<\/strong> Berke, Vezo, Robin Yal\u00e7\u0131n, Claro, Umut Mera\u015f, Melih, Halil, Tayfur, Ampem, Emre Mor, Thiam.<\/p>\n<p> <strong>Be\u015fikta\u015f XI:<\/strong> Mert, Svensson, Emirhan, Uduokhai, Masuaku, Chamberlain, Gedson, Rashica, Rafa Silva, Joao Mario, Ciro Immobile.<\/p>\n<p> <strong><img decoding=\"async\" src=\"https:\/\/haberbesiktas.tr\/wp-content\/uploads\/2025\/04\/eyupspor-besiktas-muhtemel-11ler-0-qDvLgZ5V.jpg\"\/><\/p>\n<p>L\u0130GDE \u0130K\u0130NC\u0130 RANDEVU<\/strong><\/p>\n<p> Be\u015fikta\u015f ile ikas Ey\u00fcpspor, S\u00fcper Lig&#8217;de ikinci kere kar\u015f\u0131 kar\u015f\u0131ya gelecek.<\/p>\n<p> Siyah-beyazl\u0131lar, tarihinde birinci kez S\u00fcper Lig&#8217;de \u00e7aba eden Ey\u00fcpspor&#8217;u ligin birinci devresinde T\u00fcpra\u015f Stad\u0131&#8217;nda oynanan m\u00fcsabakada 2-1&#8217;lik skorla ge\u00e7mi\u015fti.<\/p>\n<p> \u0130ki tak\u0131m ge\u00e7en d\u00f6nem Ziraat T\u00fcrkiye Kupas\u0131&#8217;nda da kar\u015f\u0131 kar\u015f\u0131ya gelirken Be\u015fikta\u015f, eflatun-sar\u0131l\u0131lar kar\u015f\u0131s\u0131nda 4-0&#8217;l\u0131k galibiyet elde etmi\u015fti.<\/p>\n<p> <strong>EKS\u0130KLER<\/strong><\/p>\n<p> Be\u015fikta\u015f, ikas Ey\u00fcpspor kar\u015f\u0131s\u0131nda d\u00f6rt oyuncusundan mahrum alana \u00e7\u0131kacak.<\/p>\n<p> &#8220;Kara kartal&#8221;da savunma oyuncular\u0131 Bakhtiyor Zaynutdinov ile Emrecan Terzi&#8217;nin tedavileri s\u00fcr\u00fcyor.<\/p>\n<p> Ki\u015fisel \u00e7al\u0131\u015fmalar\u0131na devam eden kaptan Necip Uysal ile ekipten ba\u015fka k\u0131smi olarak idmanlara kat\u0131lan Gabriel Paulista&#8217;n\u0131n da tak\u0131mda yer almas\u0131 beklenmiyor.<\/p>\n<p> <strong>G\u00d6ZLER YEN\u0130 TRANSFERLERDE<\/strong><\/p>\n<p> Siyah-beyazl\u0131larda yeni transferler Keny Arroyo ile Elan Ricardo, talih verilmesi durumunda birinci kere Be\u015fikta\u015f formas\u0131n\u0131 giyecek.<\/p>\n<p> Orta transfer devrinde tak\u0131ma kat\u0131lan iki gen\u00e7 futbolcu, Ey\u00fcpspor \u00e7abas\u0131nda teknik y\u00f6netici Ole Gunnar Solskjaer&#8217;den forma bekleyecek.<\/p>\n<p> Ligde ge\u00e7en hafta oynanan Trabzonspor kar\u015f\u0131la\u015fmas\u0131nda Keny Arroyo yedek soyunmu\u015f, Elan Ricardo ise yorgunlu\u011fu nedeniyle tak\u0131mda yer almam\u0131\u015ft\u0131.<\/p>\n<p> <strong>\u00dc\u00c7 OYUNCU SINIRDA<\/strong><\/p>\n<p> Siyah-beyazl\u0131 futbol grubunda \u00fc\u00e7 futbolcu, ikas Ey\u00fcpspor m\u00fcsabakas\u0131 \u00f6ncesinde sar\u0131 kart ceza hududunda yer al\u0131yor.<\/p>\n<p> Be\u015fikta\u015f&#8217;ta kaleciler Mert G\u00fcnok ve Ersin Destano\u011flu ile golc\u00fc futbolcu Ciro Immobile, sar\u0131 kart g\u00f6rmesi halinde cezal\u0131 duruma d\u00fc\u015fecek.<\/p>\n<p> Kelam konusu \u00fc\u00e7 futbolcu, cezal\u0131 duruma d\u00fc\u015fmesi halinde 26. haftada Bellona Kayserispor ile T\u00fcpra\u015f Stad\u0131&#8217;nda oynanacak \u00e7abada forma giyemeyecek.<\/p>\n<p> <strong>YO\u011eUN KAR YA\u011eI\u015eI BEKLEN\u0130YOR<\/strong><\/p>\n<p> \u0130stanbul, Meteoroloji Genel M\u00fcd\u00fcrl\u00fc\u011f\u00fc&#8217;nden yap\u0131lan a\u00e7\u0131klamaya nazaran a\u011f\u0131r kar ya\u011f\u0131\u015f\u0131n\u0131n tesiri alt\u0131na girecek.<\/p>\n<p> M\u00fcsabakan\u0131n a\u011f\u0131r kar ya\u011f\u0131\u015f\u0131 alt\u0131nda oynanmas\u0131 bekleniyor.<\/p>\n<p> Bu sezon ligde 22 ma\u00e7ta 10 galibiyet, 8 beraberlik ve 4 ma\u011flubiyet ya\u015fayan siyah-beyazl\u0131lar, 38 puanla 5. basamakta yer al\u0131yor.<\/p>\n<p> <strong>EY\u00dcPSPOR&#8217;DA 4 EKS\u0130K<\/strong><\/p>\n<p> Eflatun-sar\u0131l\u0131 kadroda d\u00f6rt futbolcunun sakatl\u0131klar\u0131 m\u00fcnasebetiyle Be\u015fikta\u015f ma\u00e7\u0131nda forma giymesi beklenmiyor.<\/p>\n<p> Tedavileri devam eden Recep Niyaz, Leo Dubois, Fredrik Midtsj\u00f6 ve Ta\u015fk\u0131n \u0130lter gayrette forma giyemeyecek.<\/p>\n<p> <strong>SINIRDAK\u0130LER<\/strong><\/p>\n<p> Eflatun-sar\u0131l\u0131 grupta d\u00f6rt oyuncu ceza hududunda bulunuyor.<\/p>\n<p> Ey\u00fcpspor&#8217;da sakatl\u0131\u011f\u0131 devam eden Fredrik Midtsj\u00f6&#8217;n\u00fcn yan\u0131 s\u0131ra Robin Yal\u00e7\u0131n, Emre Akbaba ve Halil Akbunar, Be\u015fikta\u015f kar\u015f\u0131s\u0131nda sar\u0131 kart g\u00f6rmeleri durumunda cezal\u0131 duruma d\u00fc\u015fecek.<\/p>\n<p> Bu d\u00f6rt futbolcu, cezal\u0131 duruma d\u00fc\u015fmesi halinde ligin 26. haftas\u0131nda oynanacak Gaziantep FK ma\u00e7\u0131nda forma giyemeyecek.<\/p>\n<\/div>\n<p><\/p>\n","protected":false},"excerpt":{"rendered":"<p>Be\u015fikta\u015f, Trendyol Muhte\u015fem Lig&#8217;in 25. haftas\u0131nda ikas Ey\u00fcpspor&#8217;a konuk olacak.<\/p>\n","protected":false},"author":1,"featured_media":21125,"comment_status":"open","ping_status":"open","sticky":false,"template":"","format":"standard","meta":{"footnotes":""},"categories":[25],"tags":[71,505,172,492,605],"class_list":["post-21124","post","type-post","status-publish","format-standard","has-post-thumbnail","hentry","category-futbol","tag-besiktas","tag-ceza","tag-futbol","tag-ligde","tag-sari"],"_links":{"self":[{"href":"https:\/\/haberbesiktas.tr\/index.php?rest_route=\/wp\/v2\/posts\/21124","targetHints":{"allow":["GET"]}}],"collection":[{"href":"https:\/\/haberbesiktas.tr\/index.php?rest_route=\/wp\/v2\/posts"}],"about":[{"href":"https:\/\/haberbesiktas.tr\/index.php?rest_route=\/wp\/v2\/types\/post"}],"author":[{"embeddable":true,"href":"https:\/\/haberbesiktas.tr\/index.php?rest_route=\/wp\/v2\/users\/1"}],"replies":[{"embeddable":true,"href":"https:\/\/haberbesiktas.tr\/index.php?rest_route=%2Fwp%2Fv2%2Fcomments&post=21124"}],"version-history":[{"count":1,"href":"https:\/\/haberbesiktas.tr\/index.php?rest_route=\/wp\/v2\/posts\/21124\/revisions"}],"predecessor-version":[{"id":21127,"href":"https:\/\/haberbesiktas.tr\/index.php?rest_route=\/wp\/v2\/posts\/21124\/revisions\/21127"}],"wp:featuredmedia":[{"embeddable":true,"href":"https:\/\/haberbesiktas.tr\/index.php?rest_route=\/wp\/v2\/media\/21125"}],"wp:attachment":[{"href":"https:\/\/haberbesiktas.tr\/index.php?rest_route=%2Fwp%2Fv2%2Fmedia&parent=21124"}],"wp:term":[{"taxonomy":"category","embeddable":true,"href":"https:\/\/haberbesiktas.tr\/index.php?rest_route=%2Fwp%2Fv2%2Fcategories&post=21124"},{"taxonomy":"post_tag","embeddable":true,"href":"https:\/\/haberbesiktas.tr\/index.php?rest_route=%2Fwp%2Fv2%2Ftags&post=21124"}],"curies":[{"name":"wp","href":"https:\/\/api.w.org\/{rel}","templated":true}]}}