{"id":21134,"date":"2025-04-19T01:12:06","date_gmt":"2025-04-19T01:12:06","guid":{"rendered":"https:\/\/haberbesiktas.tr\/?p=21134"},"modified":"2025-04-19T01:12:06","modified_gmt":"2025-04-19T01:12:06","slug":"osimhen-gollerine-devam-ediyor","status":"publish","type":"post","link":"https:\/\/haberbesiktas.tr\/?p=21134","title":{"rendered":"Osimhen gollerine devam ediyor"},"content":{"rendered":"<div>Galatasaray&#8217;\u0131n Nijeryal\u0131 y\u0131ld\u0131z\u0131 Victor Osimhen, kadronun formunun d\u00fc\u015fmesine kar\u015f\u0131n y\u00fckseli\u015fini s\u00fcrd\u00fcr\u00fcyor.<\/p>\n<p>Victor Osimhen, AZ Alkmaar ma\u00e7\u0131nda att\u0131\u011f\u0131 gol\u00fcn akabinde sar\u0131-k\u0131rm\u0131z\u0131l\u0131 formayla gol say\u0131s\u0131n\u0131 20&#8217;ye \u00e7\u0131kard\u0131.<\/p>\n<p> Trendyol S\u00fcper Lig&#8217;de \u00e7\u0131kt\u0131\u011f\u0131 18 ma\u00e7ta 14 kere fileleri havaland\u0131ran Osimhen, UEFA Avrupa Ligi&#8217;nde ise 7. m\u00fcsabakada 6. defa gol sevinci ya\u015fad\u0131.<\/p>\n<\/div>\n<p><\/p>\n","protected":false},"excerpt":{"rendered":"<p>Galatasaray&#8217;\u0131n Nijeryal\u0131 y\u0131ld\u0131z\u0131 Victor Osimhen, ekibin formunun d\u00fc\u015fmesine kar\u015f\u0131n y\u00fckseli\u015fini s\u00fcrd\u00fcr\u00fcyor.<\/p>\n","protected":false},"author":1,"featured_media":21135,"comment_status":"open","ping_status":"open","sticky":false,"template":"","format":"standard","meta":{"footnotes":""},"categories":[25],"tags":[],"class_list":["post-21134","post","type-post","status-publish","format-standard","has-post-thumbnail","hentry","category-futbol"],"_links":{"self":[{"href":"https:\/\/haberbesiktas.tr\/index.php?rest_route=\/wp\/v2\/posts\/21134","targetHints":{"allow":["GET"]}}],"collection":[{"href":"https:\/\/haberbesiktas.tr\/index.php?rest_route=\/wp\/v2\/posts"}],"about":[{"href":"https:\/\/haberbesiktas.tr\/index.php?rest_route=\/wp\/v2\/types\/post"}],"author":[{"embeddable":true,"href":"https:\/\/haberbesiktas.tr\/index.php?rest_route=\/wp\/v2\/users\/1"}],"replies":[{"embeddable":true,"href":"https:\/\/haberbesiktas.tr\/index.php?rest_route=%2Fwp%2Fv2%2Fcomments&post=21134"}],"version-history":[{"count":1,"href":"https:\/\/haberbesiktas.tr\/index.php?rest_route=\/wp\/v2\/posts\/21134\/revisions"}],"predecessor-version":[{"id":21136,"href":"https:\/\/haberbesiktas.tr\/index.php?rest_route=\/wp\/v2\/posts\/21134\/revisions\/21136"}],"wp:featuredmedia":[{"embeddable":true,"href":"https:\/\/haberbesiktas.tr\/index.php?rest_route=\/wp\/v2\/media\/21135"}],"wp:attachment":[{"href":"https:\/\/haberbesiktas.tr\/index.php?rest_route=%2Fwp%2Fv2%2Fmedia&parent=21134"}],"wp:term":[{"taxonomy":"category","embeddable":true,"href":"https:\/\/haberbesiktas.tr\/index.php?rest_route=%2Fwp%2Fv2%2Fcategories&post=21134"},{"taxonomy":"post_tag","embeddable":true,"href":"https:\/\/haberbesiktas.tr\/index.php?rest_route=%2Fwp%2Fv2%2Ftags&post=21134"}],"curies":[{"name":"wp","href":"https:\/\/api.w.org\/{rel}","templated":true}]}}