{"id":21155,"date":"2025-04-19T02:36:06","date_gmt":"2025-04-19T02:36:06","guid":{"rendered":"https:\/\/haberbesiktas.tr\/?p=21155"},"modified":"2025-04-19T02:36:06","modified_gmt":"2025-04-19T02:36:06","slug":"fenerbahcede-mert-muldurden-buyuk-fedakarlik","status":"publish","type":"post","link":"https:\/\/haberbesiktas.tr\/?p=21155","title":{"rendered":"Fenerbah\u00e7e&#8217;de Mert M\u00fcld\u00fcr&#8217;den b\u00fcy\u00fck fedakarl\u0131k"},"content":{"rendered":"<div>Fenerbah\u00e7e, UEFA Avrupa Ligi Son 16 \u00c7e\u015fidi play-off&#8217;unda 3-0 kazand\u0131\u011f\u0131 birinci ma\u00e7\u0131n r\u00f6van\u015f\u0131nda deplasmanda Anderlecht ile 2-2 berabere kald\u0131 ve son 16 \u00e7e\u015fidine y\u00fckseldi.<\/p>\n<p> Sar\u0131-Lacivertliler&#8217;in ulusal futbolcusu Mert M\u00fcld\u00fcr, Bel\u00e7ika&#8217;da b\u00fcy\u00fck bir fedakarl\u0131k \u00f6rne\u011fi sergiledi.<\/p>\n<p> Mourinho, 25 ya\u015f\u0131ndaki sa\u011f beki, sakatl\u0131\u011f\u0131na kar\u015f\u0131n tak\u0131ma ald\u0131\u011f\u0131n\u0131 ve ekstrem bir durum olmad\u0131\u011f\u0131 s\u00fcrece oynatmayaca\u011f\u0131n\u0131 s\u00f6yledi.<\/p>\n<p> Portekizli hoca, 68. dakikada Bright Osayi-Samuel&#8217;in yerine Mert M\u00fcld\u00fcr&#8217;\u00fc oyuna ald\u0131.\u00a0\u00a0<\/p>\n<div>\u00a0<\/div>\n<p> \u00a0<\/p>\n<\/div>\n<p><\/p>\n","protected":false},"excerpt":{"rendered":"<p>Fenerbah\u00e7e&#8217;nin ulusal futbolcusu Mert M\u00fcld\u00fcr, Bel\u00e7ika&#8217;da b\u00fcy\u00fck bir fedakarl\u0131k \u00f6rne\u011fi sergiledi.<\/p>\n","protected":false},"author":1,"featured_media":21156,"comment_status":"open","ping_status":"open","sticky":false,"template":"","format":"standard","meta":{"footnotes":""},"categories":[25],"tags":[],"class_list":["post-21155","post","type-post","status-publish","format-standard","has-post-thumbnail","hentry","category-futbol"],"_links":{"self":[{"href":"https:\/\/haberbesiktas.tr\/index.php?rest_route=\/wp\/v2\/posts\/21155","targetHints":{"allow":["GET"]}}],"collection":[{"href":"https:\/\/haberbesiktas.tr\/index.php?rest_route=\/wp\/v2\/posts"}],"about":[{"href":"https:\/\/haberbesiktas.tr\/index.php?rest_route=\/wp\/v2\/types\/post"}],"author":[{"embeddable":true,"href":"https:\/\/haberbesiktas.tr\/index.php?rest_route=\/wp\/v2\/users\/1"}],"replies":[{"embeddable":true,"href":"https:\/\/haberbesiktas.tr\/index.php?rest_route=%2Fwp%2Fv2%2Fcomments&post=21155"}],"version-history":[{"count":1,"href":"https:\/\/haberbesiktas.tr\/index.php?rest_route=\/wp\/v2\/posts\/21155\/revisions"}],"predecessor-version":[{"id":21157,"href":"https:\/\/haberbesiktas.tr\/index.php?rest_route=\/wp\/v2\/posts\/21155\/revisions\/21157"}],"wp:featuredmedia":[{"embeddable":true,"href":"https:\/\/haberbesiktas.tr\/index.php?rest_route=\/wp\/v2\/media\/21156"}],"wp:attachment":[{"href":"https:\/\/haberbesiktas.tr\/index.php?rest_route=%2Fwp%2Fv2%2Fmedia&parent=21155"}],"wp:term":[{"taxonomy":"category","embeddable":true,"href":"https:\/\/haberbesiktas.tr\/index.php?rest_route=%2Fwp%2Fv2%2Fcategories&post=21155"},{"taxonomy":"post_tag","embeddable":true,"href":"https:\/\/haberbesiktas.tr\/index.php?rest_route=%2Fwp%2Fv2%2Ftags&post=21155"}],"curies":[{"name":"wp","href":"https:\/\/api.w.org\/{rel}","templated":true}]}}