{"id":21158,"date":"2025-04-19T02:48:06","date_gmt":"2025-04-19T02:48:06","guid":{"rendered":"https:\/\/haberbesiktas.tr\/?p=21158"},"modified":"2025-04-19T02:48:06","modified_gmt":"2025-04-19T02:48:06","slug":"youssef-en-nesyriden-gece-yarisi-flas-paylasim","status":"publish","type":"post","link":"https:\/\/haberbesiktas.tr\/?p=21158","title":{"rendered":"Youssef En-Nesyri&#8217;den gece yar\u0131s\u0131 fla\u015f payla\u015f\u0131m!"},"content":{"rendered":"<div>Fenerbah\u00e7e&#8217;nin y\u0131ld\u0131z golc\u00fcs\u00fc Youssef En-Nesyri, gol att\u0131\u011f\u0131 Anderlecht ma\u00e7\u0131ndan sonras\u0131 toplumsal medya hesab\u0131ndan dikkat \u00e7eken bir payla\u015f\u0131mda bulundu.<\/p>\n<p>Fasl\u0131 y\u0131ld\u0131z, hakk\u0131ndaki tenkitlere kar\u015f\u0131l\u0131k verdi. En-Nesyri&#8217;nin payla\u015f\u0131m\u0131nda \u015fu tabirler yer ald\u0131:<\/p>\n<p> <strong>&#8220;Hakk\u0131mda konu\u015fmak kolay de\u011fil mi? Ad\u0131mlar\u0131m\u0131, kusurlar\u0131m\u0131, yapt\u0131klar\u0131m\u0131 yahut yapmam gerekenleri ele\u015ftirmek&#8230; Lakin anlamad\u0131\u011f\u0131n \u015fey benim \u00fczere olmak, benim yolumda y\u00fcr\u00fcmek, \u00fcstesinden geldi\u011fim \u015feylerin \u00fcstesinden gelmek&#8230; Bunu asla ba\u015faramayacaks\u0131n zira g\u00f6rd\u00fc\u011f\u00fc \u015fey yaln\u0131zca y\u00fczey.<\/strong><\/p>\n<p> <strong>Her ad\u0131m\u0131n akabinde bilmedi\u011fin u\u011fra\u015flar, gizledi\u011fim g\u00f6zya\u015flar\u0131 ve kimse yokken bulmam gereken g\u00fc\u00e7 var. Ben sava\u015flar\u0131m\u0131n sonucuyum ve bunu taklit edemezsin.<\/strong><\/p>\n<p> <strong>Bu y\u00fczden konu\u015fmaya devam et. \u015eayet bu seni daha d\u00fczg\u00fcn hissettirecekse&#8230; Bu ortada ben ilerlemeye devam edece\u011fim. S\u00f6zlerin ba\u015faramayaca\u011f\u0131n\u0131 hareketlerimle g\u00f6sterece\u011fim.&#8221;\u00a0<\/strong>\u00a0<\/p>\n<div>\u00a0<\/div>\n<p> \u00a0<\/p>\n<p> \u00a0<\/p>\n<\/div>\n<p><\/p>\n","protected":false},"excerpt":{"rendered":"<p>Fenerbah\u00e7e&#8217;nin Fasl\u0131 golc\u00fcs\u00fc Youssef En-Nesyri, Anderlecht ma\u00e7\u0131 sonras\u0131 toplumsal medya hesab\u0131ndan dikkat \u00e7eken bir payla\u015f\u0131m yapt\u0131.<\/p>\n","protected":false},"author":1,"featured_media":21159,"comment_status":"open","ping_status":"open","sticky":false,"template":"","format":"standard","meta":{"footnotes":""},"categories":[25],"tags":[],"class_list":["post-21158","post","type-post","status-publish","format-standard","has-post-thumbnail","hentry","category-futbol"],"_links":{"self":[{"href":"https:\/\/haberbesiktas.tr\/index.php?rest_route=\/wp\/v2\/posts\/21158","targetHints":{"allow":["GET"]}}],"collection":[{"href":"https:\/\/haberbesiktas.tr\/index.php?rest_route=\/wp\/v2\/posts"}],"about":[{"href":"https:\/\/haberbesiktas.tr\/index.php?rest_route=\/wp\/v2\/types\/post"}],"author":[{"embeddable":true,"href":"https:\/\/haberbesiktas.tr\/index.php?rest_route=\/wp\/v2\/users\/1"}],"replies":[{"embeddable":true,"href":"https:\/\/haberbesiktas.tr\/index.php?rest_route=%2Fwp%2Fv2%2Fcomments&post=21158"}],"version-history":[{"count":1,"href":"https:\/\/haberbesiktas.tr\/index.php?rest_route=\/wp\/v2\/posts\/21158\/revisions"}],"predecessor-version":[{"id":21160,"href":"https:\/\/haberbesiktas.tr\/index.php?rest_route=\/wp\/v2\/posts\/21158\/revisions\/21160"}],"wp:featuredmedia":[{"embeddable":true,"href":"https:\/\/haberbesiktas.tr\/index.php?rest_route=\/wp\/v2\/media\/21159"}],"wp:attachment":[{"href":"https:\/\/haberbesiktas.tr\/index.php?rest_route=%2Fwp%2Fv2%2Fmedia&parent=21158"}],"wp:term":[{"taxonomy":"category","embeddable":true,"href":"https:\/\/haberbesiktas.tr\/index.php?rest_route=%2Fwp%2Fv2%2Fcategories&post=21158"},{"taxonomy":"post_tag","embeddable":true,"href":"https:\/\/haberbesiktas.tr\/index.php?rest_route=%2Fwp%2Fv2%2Ftags&post=21158"}],"curies":[{"name":"wp","href":"https:\/\/api.w.org\/{rel}","templated":true}]}}