{"id":21161,"date":"2025-04-19T03:00:06","date_gmt":"2025-04-19T03:00:06","guid":{"rendered":"https:\/\/haberbesiktas.tr\/?p=21161"},"modified":"2025-04-19T03:00:06","modified_gmt":"2025-04-19T03:00:06","slug":"besiktastan-benfica-ile-transfer-gorusmesi","status":"publish","type":"post","link":"https:\/\/haberbesiktas.tr\/?p=21161","title":{"rendered":"Be\u015fikta\u015f&#8217;tan Benfica ile transfer g\u00f6r\u00fc\u015fmesi!"},"content":{"rendered":"<div>Be\u015fikta\u015f&#8217;ta Norve\u00e7li teknik y\u00f6netici Ole Gunnar Solksjaer vazifeye ba\u015flad\u0131ktan sonra gelecek d\u00f6nemin transfer \u00e7al\u0131\u015fmalar\u0131 da h\u0131zland\u0131.<\/p>\n<p> Siyah-Beyazl\u0131lar, ge\u00e7ti\u011fimiz g\u00fcnlerde y\u0131ld\u0131z oyuncusu Gedson Fernandes&#8217;in bonservisinin y\u00fczde 50&#8217;sini Benfica&#8217;dan almak i\u00e7in Portekiz kul\u00fcb\u00fc ile masaya oturmu\u015ftu. Bu g\u00f6r\u00fc\u015fmede Siyah-Beyazl\u0131lar&#8217;\u0131n s\u00fcrpriz bir atakta bulundu\u011fu ortaya \u00e7\u0131kt\u0131.<\/p>\n<p> <strong>SERDAL ADALI &#038; SIMAO G\u00d6R\u00dc\u015eMES\u0130<\/strong><\/p>\n<p> Kara Kartal, Solksjaer&#8217;in de grupta g\u00f6rmeyi \u00e7ok istedi\u011fi Benfica&#8217;n\u0131n sol kanat oyuncusu Andreas Schjelderup&#8217;u istedi. Lider Serdal Adal\u0131, Benfica Memleketler aras\u0131 Alakalar Y\u00f6neticisi Simao Sabrosa ile Gedson&#8217;un bonservisi i\u00e7in g\u00f6r\u00fc\u015f\u00fcrken Norve\u00e7li y\u0131ld\u0131z i\u00e7in de nab\u0131z yoklad\u0131. Be\u015fikta\u015f oyuncuyu d\u00f6nem sonunda kiral\u0131k olarak tak\u0131m\u0131na katmak istiyor.<\/p>\n<p> <strong>\u0130LK ETAPTA OLUMSUZ KAR\u015eILIK VERSE DE&#8230;<br \/><\/strong><br \/>Portekiz grubu birinci etapta olumsuz yan\u0131t verse de d\u00f6nem sonunda bir defa daha g\u00f6r\u00fc\u015fmeyi kabul etti.<\/p>\n<p> <strong>BU D\u00d6NEM NE YAPTI?<br \/><\/strong><br \/>Bu d\u00f6nem 22 ma\u00e7ta forma giyen 20 ya\u015f\u0131ndaki Norve\u00e7li y\u0131ld\u0131z, 3 gol, 4 asistlik performans sergiledi.\u00a0\u00a0<\/p>\n<div>\u00a0<\/div>\n<\/div>\n<p><\/p>\n","protected":false},"excerpt":{"rendered":"<p>Be\u015fikta\u015f, Ole Gunnar Solksjaer&#8217;in de grupta g\u00f6rmeyi \u00e7ok istedi\u011fi Benfica&#8217;n\u0131n sol kanat oyuncusu Andreas Schjelderup i\u00e7in te\u015febb\u00fcslere ba\u015flad\u0131.<\/p>\n","protected":false},"author":1,"featured_media":21162,"comment_status":"open","ping_status":"open","sticky":false,"template":"","format":"standard","meta":{"footnotes":""},"categories":[25],"tags":[57],"class_list":["post-21161","post","type-post","status-publish","format-standard","has-post-thumbnail","hentry","category-futbol","tag-sezon"],"_links":{"self":[{"href":"https:\/\/haberbesiktas.tr\/index.php?rest_route=\/wp\/v2\/posts\/21161","targetHints":{"allow":["GET"]}}],"collection":[{"href":"https:\/\/haberbesiktas.tr\/index.php?rest_route=\/wp\/v2\/posts"}],"about":[{"href":"https:\/\/haberbesiktas.tr\/index.php?rest_route=\/wp\/v2\/types\/post"}],"author":[{"embeddable":true,"href":"https:\/\/haberbesiktas.tr\/index.php?rest_route=\/wp\/v2\/users\/1"}],"replies":[{"embeddable":true,"href":"https:\/\/haberbesiktas.tr\/index.php?rest_route=%2Fwp%2Fv2%2Fcomments&post=21161"}],"version-history":[{"count":1,"href":"https:\/\/haberbesiktas.tr\/index.php?rest_route=\/wp\/v2\/posts\/21161\/revisions"}],"predecessor-version":[{"id":21163,"href":"https:\/\/haberbesiktas.tr\/index.php?rest_route=\/wp\/v2\/posts\/21161\/revisions\/21163"}],"wp:featuredmedia":[{"embeddable":true,"href":"https:\/\/haberbesiktas.tr\/index.php?rest_route=\/wp\/v2\/media\/21162"}],"wp:attachment":[{"href":"https:\/\/haberbesiktas.tr\/index.php?rest_route=%2Fwp%2Fv2%2Fmedia&parent=21161"}],"wp:term":[{"taxonomy":"category","embeddable":true,"href":"https:\/\/haberbesiktas.tr\/index.php?rest_route=%2Fwp%2Fv2%2Fcategories&post=21161"},{"taxonomy":"post_tag","embeddable":true,"href":"https:\/\/haberbesiktas.tr\/index.php?rest_route=%2Fwp%2Fv2%2Ftags&post=21161"}],"curies":[{"name":"wp","href":"https:\/\/api.w.org\/{rel}","templated":true}]}}