{"id":21275,"date":"2025-04-19T10:36:06","date_gmt":"2025-04-19T10:36:06","guid":{"rendered":"https:\/\/haberbesiktas.tr\/?p=21275"},"modified":"2025-04-19T10:36:06","modified_gmt":"2025-04-19T10:36:06","slug":"ceferinden-galatasarayin-davetine-yanit","status":"publish","type":"post","link":"https:\/\/haberbesiktas.tr\/?p=21275","title":{"rendered":"Ceferin&#8217;den Galatasaray&#8217;\u0131n davetine yan\u0131t"},"content":{"rendered":"<div>UEFA Ba\u015fkan\u0131 Aleksander Ceferin, Galatasaray&#8217;\u0131n derbi davetine olumsuz cevap verdi.<\/p>\n<p> Fenerbah\u00e7e Asba\u015fkan\u0131 Acun Il\u0131cal\u0131&#8217;n\u0131n Sloven Aleksander Ceferin ile g\u00f6r\u00fc\u015ft\u00fckten sonra ma\u00e7a t\u0131pk\u0131 \u00fclkeden Slavko Vincic&#8217;in atand\u0131\u011f\u0131 g\u00f6r\u00fc\u015f\u00fcne hakim olan Galatasaray \u0130daresi, Ceferin&#8217;e g\u00f6nderdi\u011fi davetten istedi\u011fi cevab\u0131 alamad\u0131.<\/p>\n<p> &#8220;Ya\u015fananlara &#8216;\u015fahitlik&#8217; etmeniz i\u00e7in sizi derbiye davet ediyoruz.&#8221; notuyla Ceferin&#8217;e davet g\u00f6nderen Galatasaray, UEFA Lideri&#8217;nden &#8220;\u0130s\u0327lerimin yog\u0306unlug\u0306u sebebiyle T\u00fcrkiye&#8217;ye gelemeyece\u011fim&#8221; kar\u015f\u0131l\u0131\u011f\u0131 ald\u0131.<\/p>\n<\/div>\n<p><\/p>\n","protected":false},"excerpt":{"rendered":"<p>UEFA Ba\u015fkan\u0131 Aleksander Ceferin, Galatasaray&#8217;\u0131n derbi davetine olumsuz cevap verdi.<\/p>\n","protected":false},"author":1,"featured_media":21276,"comment_status":"open","ping_status":"open","sticky":false,"template":"","format":"standard","meta":{"footnotes":""},"categories":[25],"tags":[],"class_list":["post-21275","post","type-post","status-publish","format-standard","has-post-thumbnail","hentry","category-futbol"],"_links":{"self":[{"href":"https:\/\/haberbesiktas.tr\/index.php?rest_route=\/wp\/v2\/posts\/21275","targetHints":{"allow":["GET"]}}],"collection":[{"href":"https:\/\/haberbesiktas.tr\/index.php?rest_route=\/wp\/v2\/posts"}],"about":[{"href":"https:\/\/haberbesiktas.tr\/index.php?rest_route=\/wp\/v2\/types\/post"}],"author":[{"embeddable":true,"href":"https:\/\/haberbesiktas.tr\/index.php?rest_route=\/wp\/v2\/users\/1"}],"replies":[{"embeddable":true,"href":"https:\/\/haberbesiktas.tr\/index.php?rest_route=%2Fwp%2Fv2%2Fcomments&post=21275"}],"version-history":[{"count":1,"href":"https:\/\/haberbesiktas.tr\/index.php?rest_route=\/wp\/v2\/posts\/21275\/revisions"}],"predecessor-version":[{"id":21277,"href":"https:\/\/haberbesiktas.tr\/index.php?rest_route=\/wp\/v2\/posts\/21275\/revisions\/21277"}],"wp:featuredmedia":[{"embeddable":true,"href":"https:\/\/haberbesiktas.tr\/index.php?rest_route=\/wp\/v2\/media\/21276"}],"wp:attachment":[{"href":"https:\/\/haberbesiktas.tr\/index.php?rest_route=%2Fwp%2Fv2%2Fmedia&parent=21275"}],"wp:term":[{"taxonomy":"category","embeddable":true,"href":"https:\/\/haberbesiktas.tr\/index.php?rest_route=%2Fwp%2Fv2%2Fcategories&post=21275"},{"taxonomy":"post_tag","embeddable":true,"href":"https:\/\/haberbesiktas.tr\/index.php?rest_route=%2Fwp%2Fv2%2Ftags&post=21275"}],"curies":[{"name":"wp","href":"https:\/\/api.w.org\/{rel}","templated":true}]}}