{"id":21289,"date":"2025-04-19T11:24:06","date_gmt":"2025-04-19T11:24:06","guid":{"rendered":"https:\/\/haberbesiktas.tr\/?p=21289"},"modified":"2025-04-19T11:24:06","modified_gmt":"2025-04-19T11:24:06","slug":"acun-ilicalidan-galatasaraya-gonderme","status":"publish","type":"post","link":"https:\/\/haberbesiktas.tr\/?p=21289","title":{"rendered":"Acun Il\u0131cal\u0131&#8217;dan Galatasaray&#8217;a g\u00f6nderme"},"content":{"rendered":"<div>Fenerbah\u00e7e, UEFA Avrupa Ligi&#8217;nde Glasgow Rangers ile e\u015fle\u015fti.\u00a0<\/p>\n<p>Sar\u0131-Lacivertliler&#8217;de asba\u015fkan Acun Il\u0131cal\u0131, bu e\u015fle\u015fmeyi TRT Spor&#8217;a k\u0131ymetlendirdi.\u00a0<\/p>\n<p><strong><span>&#8220;BEN OLYMPIAKOS&#8217;U \u0130ST\u0130YORDUM&#8221;<\/span><\/strong><\/p>\n<p><span><span>Kuray\u0131 yorumlayan Acun Il\u0131cal\u0131,\u00a0<strong>&#8220;Kura \u00e7ok kolay diyemem fakat d\u00fczg\u00fcn bir kura. Allah g\u00f6nl\u00fcme nazaran verdi demeyece\u011fim, \u015fahsen Olympiakos&#8217;u istiyordum. Do\u011fal ki hocam\u0131z ve kul\u00fcb\u00fcm\u00fcz i\u00e7in fark etmez. Bizim Anderlecht \u00f6ncesindeki kuram\u0131z \u00e7ok \u00e7ok zordu. O denli bir k\u00fcmeden \u00e7\u0131kt\u0131ktan sonra, biz grubumuzun oradan \u00e7\u0131kmas\u0131n\u0131 muvaffakiyet olarak g\u00f6rm\u00fc\u015ft\u00fck. Anderlecht&#8217;i eze eze eledik. T\u00fcrk kadrolar\u0131n\u0131n bu t\u00fcrl\u00fc Avrupa kul\u00fcplerini bu kadar rahat hat\u0131rlad\u0131\u011f\u0131n\u0131 g\u00f6rmedik. Bizi bu tansiyondan uzak tutan teknik y\u00f6neticimiz Jose Mourinho ve oyuncular\u0131m\u0131za te\u015fekk\u00fcr ediyoruz. Onlar\u0131 seviyoruz.&#8221;<\/strong> dedi.<br \/><\/span><\/span> <strong>&#8220;B\u0130Z G\u0130DER\u0130Z, HOCAMIZ KALIR&#8221;<\/strong><\/p>\n<p> Teknik y\u00f6netici Jose Mourinho ile ilgili de konu\u015fan Il\u0131cal\u0131, <strong>&#8220;Biz en ba\u015f\u0131ndan beri Jose Mourinho&#8217;nun Fenerbah\u00e7e&#8217;sini izliyoruz. Al\u0131\u015fma s\u00fcreci oldu\u011fu yanl\u0131\u015fs\u0131z. Gitti\u011fi her kadroya \u00e7abuk bir bi\u00e7imde adapte olup en y\u00fcksek rand\u0131man\u0131 alan bir teknik y\u00f6netici. Burada Mancini hoca olarak kabul edilmedi, gitti Avrupa \u015fampiyonu oldu. \u0130spanyol iki hocay\u0131 be\u011fenmedik, biri Avrupa \u015fampiyonu oldu, oburu \u015eampiyonlar Ligi&#8217;ni ald\u0131. Liderimiz en ba\u015f\u0131ndan beri alt\u0131n\u0131 \u00e7izdi; biz gideriz, hocam\u0131z kal\u0131r.&#8221;<\/strong> s\u00f6zlerini kulland\u0131.<\/p>\n<p><strong>&#8220;SEBEB\u0130, F.BAH\u00c7E&#8217;N\u0130N TOPLADI\u011eI PUANLAR&#8221;<\/strong><\/p>\n<p> Acun Il\u0131cal\u0131 ayr\u0131yeten,<span><strong>\u00a0&#8220;\u015eampiyonlar Ligi&#8217;ne T\u00fcrkiye&#8217;den bir kadro direkt kat\u0131lacaksa, bunun sebebi Fenerbah\u00e7e&#8217;nin toplad\u0131\u011f\u0131 puanlar.&#8221;<\/strong> dedi.<\/span> <\/p>\n<div> <strong>&#8220;EN \u00c7OK PUAN TOPLAYAN KADRO B\u0130Z\u0130Z&#8221;<\/strong><\/p>\n<p> Il\u0131cal\u0131, konu\u015fmas\u0131n\u0131n devam\u0131nda <strong>&#8220;Asl\u0131nda g\u00fc\u00e7 tarafa d\u00fc\u015ft\u00fck tekrar. Bilbao kupan\u0131n 1 numaral\u0131 favorisi. Roma hocam\u0131z\u0131n eski ekibi. Hangisini isterim, Roma&#8217;y\u0131 isterim. Hocam\u0131z\u0131n da eski kadrosu oldu\u011fu i\u00e7in. Biz Fenerbah\u00e7e olarak son 5 y\u0131l\u0131n en ba\u015far\u0131l\u0131 grubuyuz T\u00fcrkiye&#8217;de. En \u00e7ok puan toplayan ekip biziz. Bug\u00fcn \u00fclkemizden \u015eampiyonlar Ligi&#8217;ne direkt kat\u0131l\u0131nacak ve bunun en b\u00fcy\u00fck sebebi biziz. Tek bir iste\u011fimiz var; kupa. Kupada gruplar\u0131 k\u00fc\u00e7\u00fck g\u00f6rmek de\u011fil. Biz grubumuza g\u00fcveniyoruz.<\/strong>&#8221; kelamlar\u0131n\u0131 sarf etti.<\/p>\n<p><strong><span>&#8220;TARAFTARIMIZ KADIK\u00d6Y&#8217;DE TAR\u0130H YAZIYOR&#8221;<\/span><\/strong><\/p>\n<p><span>\u0130lk ma\u00e7lar\u0131n i\u00e7 alanda olmas\u0131n\u0131 istedi\u011fini s\u00f6yleyen Il\u0131cal\u0131,<strong> &#8220;Ben birinci ma\u00e7lar\u0131n konutumuzda olmas\u0131n\u0131 isterim. Taraftar\u0131m\u0131za \u00e7ok g\u00fcveniyorum zira. Son birka\u00e7 ma\u00e7t\u0131r taraftar\u0131m\u0131z \u015fahland\u0131, tarih yaz\u0131yor. Birinci ma\u00e7larda rakibe \u00f6nemli hasarlar verebiliriz birinci ma\u00e7larda. 2-3 farkla yenersek \u00e7ok \u00e7ok b\u00fcy\u00fck bir avantaj elde edece\u011fiz. \u0130kinci ma\u00e7a avantajl\u0131 gitti\u011finiz vakit rakip size sald\u0131rmak zorunda kalacak.&#8221;<\/strong> s\u00f6zlerini kulland\u0131.<\/span><\/p><\/div>\n<div><span>\u00a0<\/span><\/div>\n<\/div>\n<p><\/p>\n","protected":false},"excerpt":{"rendered":"<p>Fenerbah\u00e7e Asba\u015fkan\u0131 Acun Il\u0131cal\u0131, UEFA Avrupa Ligi&#8217;nde Glasgow Rangers ile e\u015fle\u015fmelerinin akabinde de\u011ferlendirmelerde bulundu.<\/p>\n","protected":false},"author":1,"featured_media":21290,"comment_status":"open","ping_status":"open","sticky":false,"template":"","format":"standard","meta":{"footnotes":""},"categories":[25],"tags":[1283,947,453,52],"class_list":["post-21289","post","type-post","status-publish","format-standard","has-post-thumbnail","hentry","category-futbol","tag-direkt","tag-hocamiz","tag-ilicali","tag-takim"],"_links":{"self":[{"href":"https:\/\/haberbesiktas.tr\/index.php?rest_route=\/wp\/v2\/posts\/21289","targetHints":{"allow":["GET"]}}],"collection":[{"href":"https:\/\/haberbesiktas.tr\/index.php?rest_route=\/wp\/v2\/posts"}],"about":[{"href":"https:\/\/haberbesiktas.tr\/index.php?rest_route=\/wp\/v2\/types\/post"}],"author":[{"embeddable":true,"href":"https:\/\/haberbesiktas.tr\/index.php?rest_route=\/wp\/v2\/users\/1"}],"replies":[{"embeddable":true,"href":"https:\/\/haberbesiktas.tr\/index.php?rest_route=%2Fwp%2Fv2%2Fcomments&post=21289"}],"version-history":[{"count":1,"href":"https:\/\/haberbesiktas.tr\/index.php?rest_route=\/wp\/v2\/posts\/21289\/revisions"}],"predecessor-version":[{"id":21291,"href":"https:\/\/haberbesiktas.tr\/index.php?rest_route=\/wp\/v2\/posts\/21289\/revisions\/21291"}],"wp:featuredmedia":[{"embeddable":true,"href":"https:\/\/haberbesiktas.tr\/index.php?rest_route=\/wp\/v2\/media\/21290"}],"wp:attachment":[{"href":"https:\/\/haberbesiktas.tr\/index.php?rest_route=%2Fwp%2Fv2%2Fmedia&parent=21289"}],"wp:term":[{"taxonomy":"category","embeddable":true,"href":"https:\/\/haberbesiktas.tr\/index.php?rest_route=%2Fwp%2Fv2%2Fcategories&post=21289"},{"taxonomy":"post_tag","embeddable":true,"href":"https:\/\/haberbesiktas.tr\/index.php?rest_route=%2Fwp%2Fv2%2Ftags&post=21289"}],"curies":[{"name":"wp","href":"https:\/\/api.w.org\/{rel}","templated":true}]}}