{"id":21398,"date":"2025-04-19T18:12:05","date_gmt":"2025-04-19T18:12:05","guid":{"rendered":"https:\/\/haberbesiktas.tr\/?p=21398"},"modified":"2025-04-19T18:12:05","modified_gmt":"2025-04-19T18:12:05","slug":"semih-kilicsoy-ole-ile-calisiyoruz","status":"publish","type":"post","link":"https:\/\/haberbesiktas.tr\/?p=21398","title":{"rendered":"Semih K\u0131l\u0131\u00e7soy: &#8220;Ole ile \u00e7al\u0131\u015f\u0131yoruz&#8221;"},"content":{"rendered":"<div>Be\u015fikta\u015f formas\u0131 giyen Semih K\u0131l\u0131s\u00e7oy, Ey\u00fcpspor ma\u00e7\u0131n\u0131n akabinde a\u00e7\u0131klamalarda bulundu.<\/p>\n<p> <strong>Semih K\u0131l\u0131\u00e7soy, ma\u00e7\u0131n akabinde yapt\u0131\u011f\u0131 a\u00e7\u0131klamada \u015fu s\u00f6zleri kulland\u0131;<\/strong><\/p>\n<p> &#8220;Ole hocam\u0131z, bizimle \u00e7ok ilgileniyor. Bu bizim i\u00e7in talih. Grubu de \u00e7ok \u00e2l\u00e2, bize \u00e7ok paha veriyorlar. Biz de performans\u0131m\u0131z\u0131 y\u00fckseltmek istiyoruz ve \u00e7al\u0131\u015f\u0131yoruz. Egzersizden sonra Ole hocam\u0131zla son vuru\u015flara \u00e7al\u0131\u015f\u0131yoruz.&#8221;<\/p>\n<\/div>\n<p><\/p>\n","protected":false},"excerpt":{"rendered":"<p>Be\u015fikta\u015f formas\u0131 giyen Semih K\u0131l\u0131\u00e7soy, Ey\u00fcpspor ma\u00e7\u0131n\u0131n akabinde konu\u015ftu.<\/p>\n","protected":false},"author":1,"featured_media":21399,"comment_status":"open","ping_status":"open","sticky":false,"template":"","format":"standard","meta":{"footnotes":""},"categories":[25],"tags":[],"class_list":["post-21398","post","type-post","status-publish","format-standard","has-post-thumbnail","hentry","category-futbol"],"_links":{"self":[{"href":"https:\/\/haberbesiktas.tr\/index.php?rest_route=\/wp\/v2\/posts\/21398","targetHints":{"allow":["GET"]}}],"collection":[{"href":"https:\/\/haberbesiktas.tr\/index.php?rest_route=\/wp\/v2\/posts"}],"about":[{"href":"https:\/\/haberbesiktas.tr\/index.php?rest_route=\/wp\/v2\/types\/post"}],"author":[{"embeddable":true,"href":"https:\/\/haberbesiktas.tr\/index.php?rest_route=\/wp\/v2\/users\/1"}],"replies":[{"embeddable":true,"href":"https:\/\/haberbesiktas.tr\/index.php?rest_route=%2Fwp%2Fv2%2Fcomments&post=21398"}],"version-history":[{"count":1,"href":"https:\/\/haberbesiktas.tr\/index.php?rest_route=\/wp\/v2\/posts\/21398\/revisions"}],"predecessor-version":[{"id":21400,"href":"https:\/\/haberbesiktas.tr\/index.php?rest_route=\/wp\/v2\/posts\/21398\/revisions\/21400"}],"wp:featuredmedia":[{"embeddable":true,"href":"https:\/\/haberbesiktas.tr\/index.php?rest_route=\/wp\/v2\/media\/21399"}],"wp:attachment":[{"href":"https:\/\/haberbesiktas.tr\/index.php?rest_route=%2Fwp%2Fv2%2Fmedia&parent=21398"}],"wp:term":[{"taxonomy":"category","embeddable":true,"href":"https:\/\/haberbesiktas.tr\/index.php?rest_route=%2Fwp%2Fv2%2Fcategories&post=21398"},{"taxonomy":"post_tag","embeddable":true,"href":"https:\/\/haberbesiktas.tr\/index.php?rest_route=%2Fwp%2Fv2%2Ftags&post=21398"}],"curies":[{"name":"wp","href":"https:\/\/api.w.org\/{rel}","templated":true}]}}