{"id":21425,"date":"2025-04-19T20:00:05","date_gmt":"2025-04-19T20:00:05","guid":{"rendered":"https:\/\/haberbesiktas.tr\/?p=21425"},"modified":"2025-04-19T20:00:05","modified_gmt":"2025-04-19T20:00:05","slug":"turkiye-karate-sampiyonasi-trabzonda-basladi-2","status":"publish","type":"post","link":"https:\/\/haberbesiktas.tr\/?p=21425","title":{"rendered":"T\u00fcrkiye Karate \u015eampiyonas\u0131 Trabzon&#8217;da ba\u015flad\u0131"},"content":{"rendered":"<p>2025 T\u00fcrkiye Karate \u015eampiyonas\u0131, 599 atletin i\u015ftirakiyle Trabzon&#8217;da ba\u015flad\u0131.<\/p>\n<p> Trabzon Valisi Aziz Y\u0131ld\u0131r\u0131m, Be\u015firli \u00c7ok Hedefli Spor Salonu&#8217;ndaki \u015fampiyonan\u0131n a\u00e7\u0131l\u0131\u015f merasiminde yapt\u0131\u011f\u0131 konu\u015fmada sporun ve atletin ehemmiyetine de\u011findi.<\/p>\n<p> B\u00fcy\u00fck\u015fehir Belediye Ba\u015fkan\u0131 Ahmet Metin Gen\u00e7, Trabzon&#8217;da ferdi ve kadro sporlar\u0131n\u0131n yap\u0131ld\u0131\u011f\u0131na i\u015faret etti.<\/p>\n<p> Gen\u00e7lik ve Spor Vilayet M\u00fcd\u00fcr\u00fc Lokman Ar\u0131c\u0131o\u011flu, \u015fampiyonada 44 vilayetten 599 atletin b\u00fcy\u00fckler, i\u015fitme engelliler, para karate ve veteranlar kategorilerinde \u00e7aba edece\u011fi bilgilerini verdi.<\/p>\n<p> Federasyonu ba\u015fkan\u0131 Erc\u00fcment Ta\u015fdemir de Cumhurba\u015fkan\u0131 Recep Tayyip Erdo\u011fan ile Gen\u00e7lik ve Spor Bakan\u0131 Osman A\u015fk\u0131n Bak&#8217;\u0131n dayanaklar\u0131yla tertipleri T\u00fcrkiye&#8217;nin her yerinde ger\u00e7ekle\u015ftirdiklerini lisana getirdi.<\/p>\n<p> Vali Y\u0131ld\u0131r\u0131m, B\u00fcy\u00fck\u015fehir Belediye Ba\u015fkan\u0131 Gen\u00e7 ve Ar\u0131c\u0131o\u011flu ile \u015fampiyonaya dayanak verenlere plaket takdim etti.<\/p>\n<p> Mehteran ekibi, horon ve kolbast\u0131 gruplar\u0131n\u0131n sahne ald\u0131\u011f\u0131 a\u00e7\u0131l\u0131\u015f merasimi, sportmenlerin \u015fovlar\u0131yla tamamland\u0131.\u00a0<\/p>\n<p> \u015eampiyona, 23 \u015eubat Pazar g\u00fcn\u00fc sona erecek.<\/p>\n","protected":false},"excerpt":{"rendered":"<p>Trabzon&#8217;da 599 atletin i\u015ftirakiyle d\u00fczenlenen karate \u015fampiyonas\u0131, mehteran ve horon \u015fovlar\u0131yla a\u00e7\u0131ld\u0131.<\/p>\n","protected":false},"author":1,"featured_media":21426,"comment_status":"open","ping_status":"open","sticky":false,"template":"","format":"standard","meta":{"footnotes":""},"categories":[27],"tags":[65],"class_list":["post-21425","post","type-post","status-publish","format-standard","has-post-thumbnail","hentry","category-guncel-haberler","tag-spor"],"_links":{"self":[{"href":"https:\/\/haberbesiktas.tr\/index.php?rest_route=\/wp\/v2\/posts\/21425","targetHints":{"allow":["GET"]}}],"collection":[{"href":"https:\/\/haberbesiktas.tr\/index.php?rest_route=\/wp\/v2\/posts"}],"about":[{"href":"https:\/\/haberbesiktas.tr\/index.php?rest_route=\/wp\/v2\/types\/post"}],"author":[{"embeddable":true,"href":"https:\/\/haberbesiktas.tr\/index.php?rest_route=\/wp\/v2\/users\/1"}],"replies":[{"embeddable":true,"href":"https:\/\/haberbesiktas.tr\/index.php?rest_route=%2Fwp%2Fv2%2Fcomments&post=21425"}],"version-history":[{"count":1,"href":"https:\/\/haberbesiktas.tr\/index.php?rest_route=\/wp\/v2\/posts\/21425\/revisions"}],"predecessor-version":[{"id":21427,"href":"https:\/\/haberbesiktas.tr\/index.php?rest_route=\/wp\/v2\/posts\/21425\/revisions\/21427"}],"wp:featuredmedia":[{"embeddable":true,"href":"https:\/\/haberbesiktas.tr\/index.php?rest_route=\/wp\/v2\/media\/21426"}],"wp:attachment":[{"href":"https:\/\/haberbesiktas.tr\/index.php?rest_route=%2Fwp%2Fv2%2Fmedia&parent=21425"}],"wp:term":[{"taxonomy":"category","embeddable":true,"href":"https:\/\/haberbesiktas.tr\/index.php?rest_route=%2Fwp%2Fv2%2Fcategories&post=21425"},{"taxonomy":"post_tag","embeddable":true,"href":"https:\/\/haberbesiktas.tr\/index.php?rest_route=%2Fwp%2Fv2%2Ftags&post=21425"}],"curies":[{"name":"wp","href":"https:\/\/api.w.org\/{rel}","templated":true}]}}