{"id":21431,"date":"2025-04-19T20:24:05","date_gmt":"2025-04-19T20:24:05","guid":{"rendered":"https:\/\/haberbesiktas.tr\/?p=21431"},"modified":"2025-04-19T20:24:05","modified_gmt":"2025-04-19T20:24:05","slug":"solskjaer-fenerbahce-ve-galatasarayi-yakalayacagiz","status":"publish","type":"post","link":"https:\/\/haberbesiktas.tr\/?p=21431","title":{"rendered":"Solskjaer: &#8220;Fenerbah\u00e7e ve Galatasaray&#8217;\u0131 yakalayaca\u011f\u0131z&#8221;"},"content":{"rendered":"<div>Bes\u0327iktas\u0327 Teknik Direkto\u0308ru\u0308 Ole Gunnar Solskjaer, Eyu\u0308pspor kars\u0327\u0131las\u0327mas\u0131n\u0131n akabinde a\u00e7\u0131klamalarda bulundu. Norve\u00e7li teknik adam, T\u00fcrk hakemlerinin yan\u0131 s\u0131ra Fenerbah\u00e7e ve Galatasaray ile ilgili sorulara kar\u015f\u0131l\u0131k verdi.<\/p>\n<p> <strong>&#8220;I\u0307YI\u0307 BI\u0307R REAKSI\u0307YON VERDI\u0307K&#8221;<\/strong><\/p>\n<p> Norvec\u0327li teknik adam, &#8220;C\u0327ok memnunum, c\u0327ok \u00e2l\u00e2 bir tepki verdik. Sonuca giden f\u0131rsatlar yaratt\u0131k. Galibiyet ve mantaliteden c\u0327ok mutluyum. Ligde say\u0131 olarak en uygun savunma yapan, en az gol yiyen ekibe 3 gol att\u0131k. Savunma manas\u0131nda da uyguna gidiyoruz. I\u0307lk yar\u0131 4-5 atabilirdik. Vakitle daha da uyguna gideceg\u0306iz.&#8221; dedi.<\/p>\n<p> <strong>&#8220;BEN DE \u0130ST\u0130KRARI SEVER\u0130M!&#8221;<\/strong><\/p>\n<p> Solskjaer, &#8220;Bes\u0327iktas\u0327&#8217;\u0131n oyuncular\u0131n\u0131n her vakit yapmas\u0131 gerektig\u0306i s\u0327ey, pes etmemek. Bes\u0327iktas\u0327 gururuyla oynayan ve hakk\u0131yla kazanmak isteyen bir kadro. Tepkimiz c\u0327ok uygundu. Ekip s\u0131k\u0131nt\u0131 bir su\u0308rec\u0327ten gec\u0327ti, c\u0327ok fazla s\u0327ey deg\u0306is\u0327ti ve istikrar\u0131 sag\u0306lanamad\u0131. S\u0327u an hedefimiz istikrar sag\u0306lamak. Ben de istikrar\u0131 severim. Karakterim bu t\u00fcrl\u00fc, fark\u0131 bir \u015fey benim karakterimde yok. Yo\u0308netimle t\u0131pk\u0131 fikirdeyiz. Uzun bir yolumuz var.&#8221; ifadelerini\u00a0kulland\u0131.<\/p>\n<p> <strong>&#8220;G\u00d6REVL\u0130LER\u0130 TEBR\u0130K EDER\u0130M&#8221;<\/strong><\/p>\n<p> Ma\u00e7\u0131n akabinde d\u00fczenlenen bas\u0131n toplant\u0131s\u0131nda konu\u015fan siyah-beyazl\u0131 tak\u0131m\u0131n teknik adam\u0131, &#8220;\u00c7ok makus ba\u015flad\u0131k. Ey\u00fcpspor ligin en d\u00fczg\u00fcn ekiplerinden biri. Birinci 15 dakikalarda \u00e7ok oynayan bir grup. Birinci dakikada gol\u00fc yedik ancak \u00e7ok \u00e2l\u00e2 tepki g\u00f6sterdik. Hislerimizi denetim ettik ve inan\u00e7l\u0131 oynad\u0131k. Bir\u00e7ok f\u0131rsat yakalad\u0131k, birinci yar\u0131 4-5 gol atabilirdik. Oyunu nas\u0131l denetim etti\u011fimizi g\u00f6rd\u00fcm. Galibiyetten \u00f6t\u00fcr\u00fc memnunum. Saha ile ilgilenen vazifelileri tebrik ediyorum. Sabah &#8216;burada futbol oynanamaz&#8217; dedim lakin yer \u015fahaneydi.&#8221; diye konu\u015ftu.<\/p>\n<p> <strong>&#8220;ONLARA \u0130NANIYORUM! AVRUPA&#8217;YA&#8230;&#8221;<\/strong><\/p>\n<p> Misyona geldikten sonra siyah-beyazl\u0131 gruptaki olumlu havay\u0131 k\u0131ymetlendiren Solskjaer, \u015funlar\u0131 kaydetti:<\/p>\n<p> &#8220;Be\u015fikta\u015f&#8217;\u0131n \u00e7ok d\u00fczg\u00fcn oyuncular\u0131 var. K\u0131ymetli olan mentaliteydi. Be\u015fikta\u015f son y\u0131llarda \u00e7ok say\u0131da lider ve hoca de\u011fi\u015firdi. Art\u0131k istikrara muhta\u00e7l\u0131\u011f\u0131m\u0131z var. Uzun vadede bir \u015feyleri d\u00fczeltmemiz laz\u0131m. Ben de istikrar\u0131 seven bir hocay\u0131m. Lider da benimle birebir noktada. Oyunculara verdi\u011fimiz bildiriler da kolayd\u0131. Al\u0131\u015f\u0131lm\u0131\u015f ki taktiksel de\u011fi\u015fiklikler de yapt\u0131k. Oyunculara inand\u0131\u011f\u0131m\u0131z\u0131 g\u00f6stermemiz gerekiyordu. Onlara inan\u0131yorum. Onlara yolu ve ne yapmalar\u0131 gerekti\u011fini g\u00f6steriyoruz. T\u00fcm \u00e7al\u0131\u015fanlar bir gaye i\u00e7in burada ve maksad\u0131m\u0131z bu d\u00f6nem Avrupa Kupalar\u0131&#8217;na kat\u0131lmak. Kul\u00fcpte t\u00fcm \u00e7al\u0131\u015fanlar, herkes \u00e7ok m\u00fcspet. Kul\u00fcpteki insan sermayesi beni \u00e7ok etkiledi. Herkes \u00e7ok olumlu ve m\u00fcspet. T\u00fcm \u00e7al\u0131\u015fanlar \u00e2l\u00e2 bir g\u00fc\u00e7 veriyorlar bize. Herkes d\u00fcr\u00fcst ve a\u00e7\u0131k. Be\u015fikta\u015f \u00e7ok b\u00fcy\u00fck topluluk ve taraftar\u0131n b\u00fcy\u00fck beklentisi var. Her \u015feyi verece\u011fiz ve sonuna kadar sava\u015faca\u011f\u0131z. Be\u015fikta\u015f toplulu\u011fu i\u00e7in k\u0131ymetli olan da bu. En uygun 11 oyuncu her vakit muvaffakiyet getirmez. K\u0131ymetli olan kadro ba\u011f\u0131n\u0131 olu\u015fturmak. Bunu ufak ufak ilerletiyoruz. Daha da d\u00fczg\u00fcne gidecek.&#8221;<\/p>\n<p> <strong>&#8220;SEM\u0130H&#8217;\u0130N D\u00d6NEM\u0130 BUG\u00dcN BA\u015eLADI!&#8221;<\/strong><\/p>\n<p> Ma\u00e7taki \u00fc\u00e7\u00fcnc\u00fc gol\u00fc kaydederek bu d\u00f6nem ligdeki ikinci gol\u00fcn\u00fc atan Semih K\u0131l\u0131\u00e7soy&#8217;un d\u00f6neminin bug\u00fcn ba\u015flad\u0131\u011f\u0131n\u0131 s\u00f6yleyen Solskjaer, &#8220;Heyecan verici bir yetenek. O ya\u015fta daima \u00e7al\u0131\u015fman\u0131z gerekiyor. Daima her g\u00fcn bir \u015feyleri tekrar ederek ba\u015far\u0131l\u0131 oluyorsunuz. Ronaldo, Manchester United&#8217;a 37 ya\u015f\u0131nda d\u00f6nd\u00fc ve ekstra \u00e7al\u0131\u015farak kendini geli\u015ftiriyordu. Semih&#8217;in d\u00f6nemi bug\u00fcn ba\u015flad\u0131 diyebiliriz. Sonraki ad\u0131m\u0131n\u0131 merakla bekliyoruz. Futbolda k\u0131sa yol diye bir \u015fey yok, muhakkak \u00e7al\u0131\u015fmak zorundas\u0131n\u0131z.&#8221; tabirlerini kulland\u0131.<\/p>\n<p> <strong>JOAO MARIO VE CHAMBERLAIN&#8230;<\/strong><\/p>\n<p> Joao Mario ve Alex Oxlade-Chamberlain&#8217;in performans\u0131na da de\u011finen Solskjaer, &#8220;Joao \u00e7ok d\u00fczg\u00fcn, \u00e7ok \u00e2l\u00e2 durum alan bir oyuncu. Onun performans\u0131ndan mutluyuz. Ona taktiksel manada uygun bir yer bulduk. Chamberlain kaliteli bir oyuncu, daha da yeterli olacak. Uzun m\u00fcddet futboldan uzak kald\u0131 ve bu manada yeni form tutuyor. Futbolu \u00e7ok \u00e2l\u00e2 bilen bir futbolcu. Zekas\u0131yla oynayan bir oyuncu. Kalbi futbolla atan biri. Onun daha uyguna gidece\u011fini biliyorum.&#8221; de\u011ferlendirmesinde bulundu.<\/p>\n<p> <strong>&#8220;T\u00dcRK HAKEMLER\u0130YLE SIKINIT YA\u015eAMADIM&#8221;<\/strong><\/p>\n<p> T\u00fcrk futbolundaki yabanc\u0131 hakem tart\u0131\u015fmalar\u0131yla ilgili bir soruya Solskjaer, &#8220;T\u00fcrk hakemlerine y\u00f6nelik bug\u00fcne kadarki deneyimim \u00e7ok \u00e2l\u00e2, \u00e7ok \u00e2l\u00e2 hakemler var. Hakemlerle ilgili problem ya\u015famad\u0131m. Benim oda\u011f\u0131m kendi grubum, hakemler de\u011fil.&#8221; diye kar\u015f\u0131l\u0131k verdi.<\/p>\n<p> <strong>&#8220;IMMOBILE DAHA UYGUN OLACAK&#8221;<\/strong><\/p>\n<p> Ciro Immobile&#8217;nin daha yeterli olaca\u011f\u0131n\u0131 s\u00f6yleyen Norve\u00e7li teknik adam, \u015f\u00f6yle devam etti:<\/p>\n<p> &#8220;Immobile \u00e7ok yeterli bir oyuncu. Noelden evvel sakatl\u0131k ya\u015fam\u0131\u015ft\u0131 ve uzun s\u00fcrd\u00fc. Y\u00fczde 100&#8217;\u00fcne geliyor. Grup i\u00e7inde sevilen bir oyuncu. Ona inanmaya, o da kendisine inanmaya devam edecek. Antrenman yaparak, \u00e7ok \u00e7al\u0131\u015farak g\u00fczel bir noktaya gelecek. Kendisi \u00e7ok d\u00fczg\u00fcn bitirici bir oyuncu. Oyunculara yard\u0131m etmek i\u00e7in buraday\u0131m. Ciro fantastik mesle\u011finin sonuna geliyor. Mustafa Hekimo\u011flu ve Semih K\u0131l\u0131\u00e7soy da geliyor. Hepsi de daha fazla m\u00fcddet bulacaklar.&#8221;<\/p>\n<p> <strong>&#8220;FENERBAH\u00c7E VE GALATASARAY&#8217;I YAKALAYACA\u011eIZ&#8221;<\/strong><\/p>\n<p> Solskjaer, Be\u015fikta\u015f&#8217;ta bir \u015fey in\u015fa ettiklerini ve bunu ad\u0131m ad\u0131m ger\u00e7ekle\u015ftirdiklerini kaydederek &#8220;Fenerbah\u00e7e ve Galatasaray bize nazaran fark\u0131 a\u00e7t\u0131lar. Yakalamak tahminen vakit alacak ancak bunu yapaca\u011f\u0131m\u0131za inan\u0131yorum.&#8221; dedi.<\/p>\n<\/div>\n<p><\/p>\n","protected":false},"excerpt":{"rendered":"<p>Be\u015fikta\u015f Teknik Y\u00f6neticisi Ole Gunnar Solskjaer, Ey\u00fcpspor ma\u00e7\u0131 sonras\u0131 konu\u015ftu.<\/p>\n","protected":false},"author":1,"featured_media":21432,"comment_status":"open","ping_status":"open","sticky":false,"template":"","format":"standard","meta":{"footnotes":""},"categories":[25],"tags":[172,62,49,860,52],"class_list":["post-21431","post","type-post","status-publish","format-standard","has-post-thumbnail","hentry","category-futbol","tag-futbol","tag-hakem","tag-oyuncu","tag-solskjaer","tag-takim"],"_links":{"self":[{"href":"https:\/\/haberbesiktas.tr\/index.php?rest_route=\/wp\/v2\/posts\/21431","targetHints":{"allow":["GET"]}}],"collection":[{"href":"https:\/\/haberbesiktas.tr\/index.php?rest_route=\/wp\/v2\/posts"}],"about":[{"href":"https:\/\/haberbesiktas.tr\/index.php?rest_route=\/wp\/v2\/types\/post"}],"author":[{"embeddable":true,"href":"https:\/\/haberbesiktas.tr\/index.php?rest_route=\/wp\/v2\/users\/1"}],"replies":[{"embeddable":true,"href":"https:\/\/haberbesiktas.tr\/index.php?rest_route=%2Fwp%2Fv2%2Fcomments&post=21431"}],"version-history":[{"count":1,"href":"https:\/\/haberbesiktas.tr\/index.php?rest_route=\/wp\/v2\/posts\/21431\/revisions"}],"predecessor-version":[{"id":21433,"href":"https:\/\/haberbesiktas.tr\/index.php?rest_route=\/wp\/v2\/posts\/21431\/revisions\/21433"}],"wp:featuredmedia":[{"embeddable":true,"href":"https:\/\/haberbesiktas.tr\/index.php?rest_route=\/wp\/v2\/media\/21432"}],"wp:attachment":[{"href":"https:\/\/haberbesiktas.tr\/index.php?rest_route=%2Fwp%2Fv2%2Fmedia&parent=21431"}],"wp:term":[{"taxonomy":"category","embeddable":true,"href":"https:\/\/haberbesiktas.tr\/index.php?rest_route=%2Fwp%2Fv2%2Fcategories&post=21431"},{"taxonomy":"post_tag","embeddable":true,"href":"https:\/\/haberbesiktas.tr\/index.php?rest_route=%2Fwp%2Fv2%2Ftags&post=21431"}],"curies":[{"name":"wp","href":"https:\/\/api.w.org\/{rel}","templated":true}]}}