{"id":21434,"date":"2025-04-19T20:36:07","date_gmt":"2025-04-19T20:36:07","guid":{"rendered":"https:\/\/haberbesiktas.tr\/?p=21434"},"modified":"2025-04-19T20:36:07","modified_gmt":"2025-04-19T20:36:07","slug":"a-milli-erkek-basketbol-takiminda-4-kadro-disi","status":"publish","type":"post","link":"https:\/\/haberbesiktas.tr\/?p=21434","title":{"rendered":"A Milli Erkek Basketbol Tak\u0131m\u0131&#8217;nda 4 kadro d\u0131\u015f\u0131!"},"content":{"rendered":"<div>\n<p>A Ulusal Erkek Basketbol Kadrosu&#8217;nun FIBA 2025 Avrupa \u015eampiyonas\u0131&#8217;nda oynayaca\u011f\u0131 \u0130zlanda ma\u00e7\u0131nda sakatl\u0131k ve hastal\u0131k sebebiyle 4 isim tak\u0131mdan \u00e7\u0131kar\u0131ld\u0131.<\/p>\n<p> T\u00fcrkiye Basketbol Federasyonunun a\u00e7\u0131klamas\u0131na nazaran sol dirse\u011finde kanama ve hudut \u00f6demi saptanan Yi\u011fitcan Saybir, \u00fcst teneff\u00fcs yolu enfeksiyonu nedeniyle Shane Larkin, sa\u011f dirse\u011finde kemik \u00f6demi tespit edilen Cedi Osman ile Erkan Y\u0131lmaz, \u0130zlanda ma\u00e7\u0131n\u0131n tak\u0131m\u0131na al\u0131nmad\u0131.<\/p>\n<p> Ulusal ekip \u0130zlanda ma\u00e7\u0131 i\u00e7in 22 \u015eubat Cumartesi g\u00fcn\u00fc bu \u00fclkeye gidecek.<\/p>\n<\/div>\n<p><\/p>\n","protected":false},"excerpt":{"rendered":"<p>A Ulusal Erkek Basketbol Ekibi&#8217;nde 4 oyuncu tak\u0131mdan \u00e7\u0131kar\u0131ld\u0131.<\/p>\n","protected":false},"author":1,"featured_media":21435,"comment_status":"open","ping_status":"open","sticky":false,"template":"","format":"standard","meta":{"footnotes":""},"categories":[10],"tags":[],"class_list":["post-21434","post","type-post","status-publish","format-standard","has-post-thumbnail","hentry","category-basketbol"],"_links":{"self":[{"href":"https:\/\/haberbesiktas.tr\/index.php?rest_route=\/wp\/v2\/posts\/21434","targetHints":{"allow":["GET"]}}],"collection":[{"href":"https:\/\/haberbesiktas.tr\/index.php?rest_route=\/wp\/v2\/posts"}],"about":[{"href":"https:\/\/haberbesiktas.tr\/index.php?rest_route=\/wp\/v2\/types\/post"}],"author":[{"embeddable":true,"href":"https:\/\/haberbesiktas.tr\/index.php?rest_route=\/wp\/v2\/users\/1"}],"replies":[{"embeddable":true,"href":"https:\/\/haberbesiktas.tr\/index.php?rest_route=%2Fwp%2Fv2%2Fcomments&post=21434"}],"version-history":[{"count":1,"href":"https:\/\/haberbesiktas.tr\/index.php?rest_route=\/wp\/v2\/posts\/21434\/revisions"}],"predecessor-version":[{"id":21436,"href":"https:\/\/haberbesiktas.tr\/index.php?rest_route=\/wp\/v2\/posts\/21434\/revisions\/21436"}],"wp:featuredmedia":[{"embeddable":true,"href":"https:\/\/haberbesiktas.tr\/index.php?rest_route=\/wp\/v2\/media\/21435"}],"wp:attachment":[{"href":"https:\/\/haberbesiktas.tr\/index.php?rest_route=%2Fwp%2Fv2%2Fmedia&parent=21434"}],"wp:term":[{"taxonomy":"category","embeddable":true,"href":"https:\/\/haberbesiktas.tr\/index.php?rest_route=%2Fwp%2Fv2%2Fcategories&post=21434"},{"taxonomy":"post_tag","embeddable":true,"href":"https:\/\/haberbesiktas.tr\/index.php?rest_route=%2Fwp%2Fv2%2Ftags&post=21434"}],"curies":[{"name":"wp","href":"https:\/\/api.w.org\/{rel}","templated":true}]}}