{"id":21515,"date":"2025-04-20T00:12:07","date_gmt":"2025-04-20T00:12:07","guid":{"rendered":"https:\/\/haberbesiktas.tr\/?p=21515"},"modified":"2025-04-20T00:12:07","modified_gmt":"2025-04-20T00:12:07","slug":"anderlecht-fenerbahce-maci-canli-izle-trt-1-canli-izle-2","status":"publish","type":"post","link":"https:\/\/haberbesiktas.tr\/?p=21515","title":{"rendered":"Anderlecht &#8211; Fenerbah\u00e7e Ma\u00e7\u0131 Canl\u0131 \u0130zle: TRT 1 Canl\u0131 \u0130zle"},"content":{"rendered":"<div><strong><strong>Anderlecht\u00a0<\/strong>Fenerbah\u00e7e ma\u00e7\u0131 TRT 1 kesintisiz izle HD yay\u0131n!\u00a0<\/strong>UEFA Avrupa Ligi Eleme Tipi Playoff r\u00f6van\u015f ma\u00e7\u0131nda Anderlecht ile Fenerbah\u00e7e Lotto Park&#8217;ta kar\u015f\u0131 kar\u015f\u0131ya geliyor.\u00a0Bu \u00e7abay\u0131 linke t\u0131klayarak TRT 1&#8217;den izleyebilirsiniz.\u00a0 \u0130\u015fte ma\u00e7tan son dakika geli\u015fmeleri&#8230; <\/p>\n<p> <strong>\u00a0ANDERLECHT <strong>FENERBAH\u00c7E\u00a0<\/strong>MA\u00c7I HANG\u0130 RADYODA?<\/strong><\/p>\n<p> Anderlecht ile Fenerbah\u00e7e\u00a0aras\u0131ndaki zorlu Avrupa Ligi u\u011fra\u015f\u0131 TRT Radyo 1&#8217;den canl\u0131 olarak dinlenilebilmektedir.<\/p>\n<p> TRT Radyo 1&#8217;in b\u00fcy\u00fck vilayetlerdeki frekanslar\u0131 \u015fu bi\u00e7imdedir: 95.6 \u0130stanbul; 93.3 Ankara; 94.7 \u0130zmir; 87.9 Bursa; 105.1 Adana . T\u00fcm frekanslara buraya t\u0131klayarak ula\u015fabilirsiniz.<\/p>\n<p> <strong>TIKLA,\u00a0<strong>ANDERLECHT FENERBAH\u00c7E\u00a0<\/strong>MA\u00c7INI CANLI D\u0130NLE<\/strong><\/p>\n<p> <strong>KAMP KADROSU<\/strong><\/p>\n<p> UEFA Avrupa Ligi son 16 play-off cinsinde 3-0 kazand\u0131\u011f\u0131 birinci ma\u00e7\u0131n r\u00f6van\u015f\u0131nda Bel\u00e7ika temsilcisi Anderlecht ile deplasmanda kar\u015f\u0131la\u015facak\u00a0Fenerbah\u00e7e&#8217;de kamp tak\u0131m\u0131 muhakkak oldu. Sar\u0131-lacivertli kul\u00fcpten yap\u0131lan a\u00e7\u0131klamaya nazaran, 20 ki\u015filik kamp tak\u0131m\u0131nda sakatl\u0131klar\u0131 bulunan \u0130smail Y\u00fcksek, \u00c7a\u011flar S\u00f6y\u00fcnc\u00fc ve Alexander Djiku&#8217;nun yan\u0131 s\u0131ra sakatl\u0131\u011f\u0131n\u0131 atlatan lakin \u015fimdi haz\u0131r olmayan kaleci Dominik Livakovic yer almad\u0131. Bu isimlerin d\u0131\u015f\u0131nda transferi g\u00fcndemde olan Cengiz \u00dcnder ve gribal enfeksiyon ya\u015fayan Allan Saint-Maximin de tak\u0131ma al\u0131nmad\u0131. Teknik y\u00f6netici Jose Mourinho&#8217;nun belirledi\u011fi kamp tak\u0131m\u0131nda \u015fu isimler yer ald\u0131: \u0130rfan Can E\u011fribayat, Osman Ertu\u011frul \u00c7etin, Engin Can Biterge, Milan Skriniar, Yusuf Ak\u00e7i\u00e7ek, Bright Osayi-Samuel, Mert M\u00fcld\u00fcr, Filip Kostic, Sofyan Amrabat, Fred Rodrigues, \u015e\u00fck\u00fcr To\u011frak, Yi\u011fit Buyruk Ekiz, Mert Hakan Yanda\u015f, Sebastian Szymanski, \u0130rfan Can Kahveci, Dusan Tadic, Anderson Talisca, Edin Dzeko, Youssef En-Nesyri ve Cenk Tosun.<\/p>\n<p> <strong>YA RANGERS YA OLYMPIAKOS<\/strong><\/p>\n<p> Fenerbah\u00e7e, \u00e7e\u015fit atlamas\u0131 durumunda Yunanistan&#8217;\u0131n Olympiakos ya da \u0130sko\u00e7ya&#8217;n\u0131n Rangers ekibiyle e\u015fle\u015fecek. Sar\u0131-lacivertlilerin UEFA Avrupa Ligi&#8217;nde son 16 cinsindeki m\u00fcmk\u00fcn rakiplerinden Olympiakos, ge\u00e7ti\u011fimiz y\u0131l UEFA Avrupa Konferans Ligi&#8217;nde \u00e7eyrek finalde\u00a0Fenerbah\u00e7e&#8217;yi penalt\u0131larla eledikten sonra \u015fampiyonlu\u011fa uzanm\u0131\u015ft\u0131. Bu d\u00f6nem UEFA Avrupa Ligi&#8217;nde lig kademesini 4 galibiyet, 3 beraberlik ve 1 hezimetle 7. s\u0131rada tamamlayan Yunan temsilcisi,\u00a0Fenerbah\u00e7e&#8217;nin lig basama\u011f\u0131ndaki rakiplerinden Olimpik Lyon&#8217;a deplasmanda 2-0 yenilirken, meskeninde Twente ile gols\u00fcz berabere kalm\u0131\u015ft\u0131. \u0130sko\u00e7ya temsilcisi Rangers ise UEFA Avrupa Ligi&#8217;nde bu d\u00f6nem 4 galibiyetin yan\u0131 s\u0131ra 2&#8217;\u015fer beraberlik ve hezimet ya\u015fad\u0131. Fenerbah\u00e7e&#8217;nin lig kademesindeki rakiplerinden Lyon&#8217;a konutunda 4-1 yenilen Rangers, \u0130ngiltere&#8217;den Manchester United&#8217;a ise deplasmanda 2-1 ma\u011flup olmu\u015ftu. \u0130sko\u00e7 tak\u0131m\u0131, a\u011f\u0131rlad\u0131\u011f\u0131 Union Saint-Gilloise&#8217;y\u0131 ise 2-1 yenmeyi ba\u015farm\u0131\u015ft\u0131. \u00d6te yandan Olympiakos ile Rangers lig kademesinde Yunanistan&#8217;da kar\u015f\u0131 kar\u015f\u0131ya gelmi\u015f ve gayret 1-1 e\u015fitlikle sona ermi\u015fti.<\/p>\n<p> <strong>AVRUPA&#8217;DA 284. MA\u00c7<\/strong><br \/>\u00a0<br \/>UEFA Avrupa Ligi son 16 play-off \u00e7e\u015fidi r\u00f6van\u015f ma\u00e7\u0131nda Bel\u00e7ika&#8217;n\u0131n Anderlecht grubuna konuk olacak\u00a0Fenerbah\u00e7e, Avrupa kupalar\u0131ndaki 284. m\u00fcsabakas\u0131n\u0131 oynayacak. Sar\u0131-lacivertli kadro, Avrupa kupalar\u0131nda bug\u00fcne dek oynad\u0131\u011f\u0131 283 kar\u015f\u0131la\u015fmada 112 galibiyet ve 111 yenilgi ya\u015farken, 60 ma\u00e7ta da alandan beraberlikle ayr\u0131ld\u0131. Fenerbah\u00e7e, Avrupa kupalar\u0131nda rakip fileleri 386 defa havaland\u0131r\u0131rken, kalesinde 402 gol g\u00f6rd\u00fc.<\/p>\n<p> <strong>AVRUPA L\u0130G\u0130&#8217;NDE 46. MA\u00c7<\/strong><\/p>\n<p> Fenerbah\u00e7e, 2009-2010 d\u00f6nemine dek UEFA Kupas\u0131 ismiyle oynanan UEFA Avrupa Ligi&#8217;nde 145 m\u00fcsabakada uzunluk g\u00f6sterdi. Sar\u0131-lacivertli tak\u0131m, bu \u00e7abalarda 63 galibiyet elde ederken rakiplerine 45 kere kaybetti, 37 kar\u015f\u0131la\u015fma ise beraberlikle sonu\u00e7land\u0131. Fenerbah\u00e7e, 203 sefer gol sevinci ya\u015farken kalesindeki 182 gole mahzur olamad\u0131.<\/p>\n<p> <strong>SON 29 MA\u00c7TA 5 MA\u011eLUB\u0130YET<\/strong><\/p>\n<p> Fenerbah\u00e7e, UEFA Avrupa Ligi&#8217;nde son 29 ma\u00e7ta yaln\u0131zca 5 yenilgi ya\u015fad\u0131. Sar\u0131-lacivertli grup, 2021-2022, 2022-2023 ve bu d\u00f6nemi kapsayan periyotta habere husus kulvarda tesirli bir performans ortaya koydu. Fenerbah\u00e7e, kelam konusu s\u00fcre\u00e7te 14 galibiyet elde ederken 10 da beraberlik ya\u015fad\u0131.<\/p>\n<p> <strong>ANDERLECHT FENERBAH\u00c7E MA\u00c7I HAKEM\u0130<\/strong><br \/> Fenerbah\u00e7e, UEFA Avrupa Ligi son 16 play-off \u00e7e\u015fidi r\u00f6van\u015f\u0131nda Bel\u00e7ika&#8217;n\u0131n Anderlecht grubuna konuk olacak. \u00c7aba TRT 1 ekranlar\u0131ndan yay\u0131mlanacak. Ba\u015f\u015fehir Br\u00fcksel&#8217;deki RSC Anderlecht Stad\u0131&#8217;nda oynanacak ve TS\u0130 23.00&#8217;te ba\u015flayacak kar\u015f\u0131la\u015fmay\u0131 \u0130svi\u00e7reli hakem Sandro Scharer y\u00f6netecek. Scharer&#8217;in yard\u0131mc\u0131l\u0131klar\u0131n\u0131 Stephane De Almeida ve Jonas Erni \u00fcstlenecek. M\u00fcsabakan\u0131n d\u00f6rd\u00fcnc\u00fc hakemli\u011fini ise Luca Cibelli yapacak. U\u011fra\u015fta Lukas Fahndrich VAR, Lionel Tschudi de AVAR olarak misyon alacak.<\/p>\n<p> <span><span><strong>\u0130LK \u00dcYELERE \u00d6ZEL 1000 TL&#8217;YE VARAN BONUSLARA TUTTUR&#8217;DA OYNA!<\/strong><\/span><\/span><\/p>\n<p><img decoding=\"async\" src=\"https:\/\/haberbesiktas.tr\/wp-content\/uploads\/2025\/04\/anderlecht-fenerbahce-maci-canli-izle-trt-1-canli-izle-0-SfV5w9qX.jpg\"\/><\/p>\n<p> <strong>MUHTEMEL 11&#8217;LER<\/p>\n<p>Anderlecht: <\/strong>Coosemans, Sardella, Adryelson, Hey, Augustinsson, Dendoncker, Leoni, Degreef, Strooykens, Huerta, Vasquez.<strong><\/p>\n<p>Fenerbah\u00e7e: <\/strong>\u0130rfan Can E\u011fribayat, Skriniar, Amrabat, Yusuf, Osayi-Samuel, Fred, Szymanski, Kostic, \u0130rfan Can Kahveci, Talisca, En-Nesyri.<\/p>\n<p><img decoding=\"async\" src=\"https:\/\/haberbesiktas.tr\/wp-content\/uploads\/2025\/04\/anderlecht-fenerbahce-maci-canli-izle-trt-1-canli-izle-1-XXirOvEq.jpg\"\/><\/p>\n<p> <strong>TUR \u0130HT\u0130MALLER\u0130<\/strong><\/p>\n<p> Fenerbah\u00e7e, \u00e7e\u015fit ismine birinci ma\u00e7ta elde etti\u011fi b\u00fcy\u00fck avantajla alana \u00e7\u0131kacak.\u00a0Play-off tipi birinci ma\u00e7\u0131nda Kad\u0131k\u00f6y&#8217;de a\u011f\u0131rlad\u0131\u011f\u0131 rakibini 3-0 ile ge\u00e7en\u00a0Fenerbah\u00e7e, cins i\u00e7in gayret edecek. Sar\u0131-lacivertli grup, her t\u00fcrl\u00fc galibiyet ve beraberli\u011fin yan\u0131 s\u0131ra 1 ve 2 farkl\u0131 ma\u011flubiyetlerde de cins atlayan taraf olacak. Anderlecht&#8217;in 4 ve daha farkl\u0131 galibiyet almas\u0131 durumunda cins atlayabilece\u011fi e\u015fle\u015fmede, konut sahibi grubun 3 farkl\u0131 kazanmas\u0131 ise ma\u00e7\u0131 uzatmalara g\u00f6t\u00fcrecek. Uzatmalara gitmesi durumunda 15&#8217;er dakikal\u0131k iki devre oynanacak ve burada da e\u015fitli\u011fin bozulmamas\u0131 halinde \u00e7e\u015fidi ge\u00e7en taraf\u0131 seri penalt\u0131 at\u0131\u015flar\u0131 belirleyecek.<\/p>\n<\/div>\n<p><\/p>\n","protected":false},"excerpt":{"rendered":"<p>Anderlecht Fenerbah\u00e7e ma\u00e7\u0131 TRT 1 \u00fccretsiz  canl\u0131 izle | Anderlecht Fenerbah\u00e7e ma\u00e7\u0131n\u0131 Sel\u00e7uk Sports, Taraftarium24, Justin tv, Facebook, Twitter, Yandex, Kralbozguncu yahut Sel\u00e7uk Sports&#8217;tan izlemek yasad\u0131\u015f\u0131d\u0131r. \u015eifresiz olarak TRT 1&#8217;den canl\u0131 izlenebilecek olan Anderlecht Fenerbah\u00e7e ma\u00e7\u0131n\u0131n tak\u0131m\u0131 ve olas\u0131 birinci 11&#8217;leri belirli oldu. Pekala, Anderlecht Fenerbah\u00e7e ma\u00e7\u0131 ne vakit, saat ka\u00e7ta, hangi kanalda? \u0130\u015fte Anderlecht Fenerbah\u00e7e ma\u00e7\u0131 canl\u0131 izleme ayr\u0131nt\u0131lar\u0131<\/p>\n","protected":false},"author":1,"featured_media":21516,"comment_status":"open","ping_status":"open","sticky":false,"template":"","format":"standard","meta":{"footnotes":""},"categories":[10],"tags":[1357,115,242,50,1368],"class_list":["post-21515","post","type-post","status-publish","format-standard","has-post-thumbnail","hentry","category-basketbol","tag-anderlecht","tag-fenerbahce","tag-galibiyet","tag-mac","tag-uefa-avrupa-ligi"],"_links":{"self":[{"href":"https:\/\/haberbesiktas.tr\/index.php?rest_route=\/wp\/v2\/posts\/21515","targetHints":{"allow":["GET"]}}],"collection":[{"href":"https:\/\/haberbesiktas.tr\/index.php?rest_route=\/wp\/v2\/posts"}],"about":[{"href":"https:\/\/haberbesiktas.tr\/index.php?rest_route=\/wp\/v2\/types\/post"}],"author":[{"embeddable":true,"href":"https:\/\/haberbesiktas.tr\/index.php?rest_route=\/wp\/v2\/users\/1"}],"replies":[{"embeddable":true,"href":"https:\/\/haberbesiktas.tr\/index.php?rest_route=%2Fwp%2Fv2%2Fcomments&post=21515"}],"version-history":[{"count":1,"href":"https:\/\/haberbesiktas.tr\/index.php?rest_route=\/wp\/v2\/posts\/21515\/revisions"}],"predecessor-version":[{"id":21519,"href":"https:\/\/haberbesiktas.tr\/index.php?rest_route=\/wp\/v2\/posts\/21515\/revisions\/21519"}],"wp:featuredmedia":[{"embeddable":true,"href":"https:\/\/haberbesiktas.tr\/index.php?rest_route=\/wp\/v2\/media\/21516"}],"wp:attachment":[{"href":"https:\/\/haberbesiktas.tr\/index.php?rest_route=%2Fwp%2Fv2%2Fmedia&parent=21515"}],"wp:term":[{"taxonomy":"category","embeddable":true,"href":"https:\/\/haberbesiktas.tr\/index.php?rest_route=%2Fwp%2Fv2%2Fcategories&post=21515"},{"taxonomy":"post_tag","embeddable":true,"href":"https:\/\/haberbesiktas.tr\/index.php?rest_route=%2Fwp%2Fv2%2Ftags&post=21515"}],"curies":[{"name":"wp","href":"https:\/\/api.w.org\/{rel}","templated":true}]}}