{"id":21534,"date":"2025-04-20T01:12:05","date_gmt":"2025-04-20T01:12:05","guid":{"rendered":"https:\/\/haberbesiktas.tr\/?p=21534"},"modified":"2025-04-20T01:12:05","modified_gmt":"2025-04-20T01:12:05","slug":"iskur-genclik-programi-kura-sonuclari-ne-zaman-aciklanacak","status":"publish","type":"post","link":"https:\/\/haberbesiktas.tr\/?p=21534","title":{"rendered":"\u0130\u015eKUR Gen\u00e7lik Program\u0131 kura sonu\u00e7lar\u0131 ne zaman a\u00e7\u0131klanacak?"},"content":{"rendered":"<div>\u0130\u015eKUR Gen\u00e7lik Program\u0131 sonu\u00e7lar\u0131 ne vakit a\u00e7\u0131klanacak sorusu, g\u00fcndemde yer al\u0131yor. 4 \u015eubat&#8217;ta Cumhurba\u015fkan\u0131 Recep Tayyip Erdo\u011fan&#8217;\u0131n kat\u0131ld\u0131\u011f\u0131 programla tan\u0131t\u0131lan ve m\u00fcracaatlar\u0131 10 \u015eubat&#8217;ta ba\u015flayan \u0130\u015eKUR Gen\u00e7lik Program\u0131 m\u00fcracaat s\u00fcreci bug\u00fcn sona eriyor. \u0130\u015eKUR Gen\u00e7lik Program\u0131&#8217;na 6 g\u00fcnde 242 bin \u00f6\u011frenci ba\u015fvurdu. Pekala, \u0130\u015eKUR Gen\u00e7lik Program\u0131 ne vakit a\u00e7\u0131klan\u0131r 2025? \u0130\u015eKUR Gen\u00e7lik Program\u0131 sonu\u00e7lar\u0131 nas\u0131l \u00f6\u011frenilir? \u0130\u015fte, \u0130\u015eKUR Gen\u00e7lik Program\u0131 sonu\u00e7 tarihleri&#8230;\u00a0<\/p>\n<p><strong>\u0130\u015eKUR Gen\u00e7lik Program\u0131 kura sonu\u00e7lar\u0131 ne vakit a\u00e7\u0131klanacak?<\/strong><\/p>\n<p><span>\u0130\u015eKUR Genel M\u00fcd\u00fcr\u00fc Samet G\u00fcne\u015f, programa olan a\u011f\u0131r ilgiyi vurgulayarak, 54 vilayetteki 86 \u00fcniversitede toplam 69.093 kontenjan i\u00e7in 242.391 m\u00fcracaat al\u0131nd\u0131\u011f\u0131n\u0131 belirtti. M\u00fcracaat ve sonu\u00e7 a\u00e7\u0131klama s\u00fcre\u00e7lerinin \u00fcniversitelere nazaran de\u011fi\u015fiklik g\u00f6sterdi\u011fini s\u00f6z eden G\u00fcne\u015f, \u00f6\u011frencilerin kendi \u00fcniversitelerinin duyurular\u0131n\u0131 ve \u0130\u015eKUR&#8217;un resmi web sitesi olan genclik.iskur.gov.tr adresini sistemli olarak takip etmelerinin k\u0131ymetini vurgulad\u0131.<\/span><\/p>\n<p><span>\u0130\u015eKUR Gen\u00e7lik Program\u0131, \u00fcniversite \u00f6\u011frencilerine i\u015f tecr\u00fcbesi kazand\u0131rmay\u0131 hedefleyen k\u0131ymetli bir f\u0131rsat sunuyor. Programa kat\u0131lan \u00f6\u011frenciler, haftal\u0131k en fazla 3 g\u00fcn \u00e7al\u0131\u015farak g\u00fcnl\u00fck 1.083 TL \u00f6deme alabilecekler. Ayda 5 g\u00fcn i\u015ftirak sa\u011flayan bir \u00f6\u011frenci yakla\u015f\u0131k 5.415 TL, 14 g\u00fcn i\u015ftirak sa\u011flayan ise yakla\u015f\u0131k 15.162 TL gelir elde edebilecek. Ayr\u0131yeten, program m\u00fcddetince \u00f6\u011frencilerin sigorta primleri de \u0130\u015eKUR taraf\u0131ndan kar\u015f\u0131lanacak.<\/span><\/p>\n<p><span>Sonu\u00e7 olarak, \u0130\u015eKUR Gen\u00e7lik Program\u0131 kura sonu\u00e7lar\u0131n\u0131n a\u00e7\u0131klanma tarihleri \u00fcniversitelere nazaran farkl\u0131l\u0131k g\u00f6sterdi\u011finden, m\u00fcracaat yapan \u00f6\u011frencilerin kendi \u00fcniversitelerinin resmi duyurular\u0131n\u0131 ve \u0130\u015eKUR&#8217;un resmi web sitesini sistemli olarak takip etmeleri de\u011ferlidir.<\/span><\/p>\n<p><\/div>\n<p><\/p>\n","protected":false},"excerpt":{"rendered":"<p>\u0130\u015eKUR Gen\u00e7lik Program\u0131 kura sonu\u00e7lar\u0131 ne vakit a\u00e7\u0131klanacak? | \u0130\u015eKUR Gen\u00e7lik Program\u0131&#8217;na ba\u015fvuran binlerce \u00fcniversite \u00f6\u011frencisi, kura sonu\u00e7lar\u0131n\u0131n a\u00e7\u0131klanaca\u011f\u0131 tarihi merakla bekliyor. M\u00fcracaat ve sonu\u00e7 a\u00e7\u0131klama tarihleri, \u00fcniversitelerin akademik takvimlerine nazaran farkl\u0131l\u0131k g\u00f6sterebiliyor. Pekala, \u0130\u015eKUR Gen\u00e7lik Program\u0131 kura sonu\u00e7lar\u0131 ne vakit a\u00e7\u0131klanacak?<\/p>\n","protected":false},"author":1,"featured_media":21535,"comment_status":"open","ping_status":"open","sticky":false,"template":"","format":"standard","meta":{"footnotes":""},"categories":[10],"tags":[107,738,2097,407,2098],"class_list":["post-21534","post","type-post","status-publish","format-standard","has-post-thumbnail","hentry","category-basketbol","tag-gun","tag-is","tag-iskur-genclik-programi","tag-ogrenci","tag-sonuc"],"_links":{"self":[{"href":"https:\/\/haberbesiktas.tr\/index.php?rest_route=\/wp\/v2\/posts\/21534","targetHints":{"allow":["GET"]}}],"collection":[{"href":"https:\/\/haberbesiktas.tr\/index.php?rest_route=\/wp\/v2\/posts"}],"about":[{"href":"https:\/\/haberbesiktas.tr\/index.php?rest_route=\/wp\/v2\/types\/post"}],"author":[{"embeddable":true,"href":"https:\/\/haberbesiktas.tr\/index.php?rest_route=\/wp\/v2\/users\/1"}],"replies":[{"embeddable":true,"href":"https:\/\/haberbesiktas.tr\/index.php?rest_route=%2Fwp%2Fv2%2Fcomments&post=21534"}],"version-history":[{"count":1,"href":"https:\/\/haberbesiktas.tr\/index.php?rest_route=\/wp\/v2\/posts\/21534\/revisions"}],"predecessor-version":[{"id":21536,"href":"https:\/\/haberbesiktas.tr\/index.php?rest_route=\/wp\/v2\/posts\/21534\/revisions\/21536"}],"wp:featuredmedia":[{"embeddable":true,"href":"https:\/\/haberbesiktas.tr\/index.php?rest_route=\/wp\/v2\/media\/21535"}],"wp:attachment":[{"href":"https:\/\/haberbesiktas.tr\/index.php?rest_route=%2Fwp%2Fv2%2Fmedia&parent=21534"}],"wp:term":[{"taxonomy":"category","embeddable":true,"href":"https:\/\/haberbesiktas.tr\/index.php?rest_route=%2Fwp%2Fv2%2Fcategories&post=21534"},{"taxonomy":"post_tag","embeddable":true,"href":"https:\/\/haberbesiktas.tr\/index.php?rest_route=%2Fwp%2Fv2%2Ftags&post=21534"}],"curies":[{"name":"wp","href":"https:\/\/api.w.org\/{rel}","templated":true}]}}