{"id":21537,"date":"2025-04-20T01:24:05","date_gmt":"2025-04-20T01:24:05","guid":{"rendered":"https:\/\/haberbesiktas.tr\/?p=21537"},"modified":"2025-04-20T01:24:05","modified_gmt":"2025-04-20T01:24:05","slug":"kerimcan-durmaz-tahliye-oldu-mu-serbest-birakildi-mi","status":"publish","type":"post","link":"https:\/\/haberbesiktas.tr\/?p=21537","title":{"rendered":"Kerimcan Durmaz tahliye oldu mu, serbest b\u0131rak\u0131ld\u0131 m\u0131?"},"content":{"rendered":"<div><span>Yasa d\u0131\u015f\u0131 bahis soru\u015fturmas\u0131 kapsam\u0131nda hakk\u0131nda tutuklu yarg\u0131lama karar\u0131 verilen Kerimcan Durmaz bug\u00fcn hakim kar\u015f\u0131s\u0131na \u00e7\u0131kt\u0131. Yasa d\u0131\u015f\u0131 bahsin reklam\u0131n\u0131 yapmak c\u00fcrm\u00fcnden tutuklu bulunan Durmaz tahliye edildi.<\/span><\/p>\n<p><strong>KER\u0130MCAN DURMAZ TAHL\u0130YE ED\u0130LD\u0130<br \/><\/strong><br \/><span>Yasa d\u0131\u015f\u0131 bahsi \u00f6vmek ve te\u015fvik etmek su\u00e7lamas\u0131yla yarg\u0131lanan Kerimcan Durmaz, 8 Ocak&#8217;tan beri tutuklu bulunuyordu. Durmaz hakk\u0131nda tahliye karar\u0131 verildi.<\/span><\/div>\n<p><\/p>\n","protected":false},"excerpt":{"rendered":"<p>8 Ocak&#8217;ta tutuklanan Kerimcan Durmaz, bug\u00fcn hakim kar\u015f\u0131s\u0131na \u00e7\u0131kt\u0131. Pekala, Kerimcan Durmaz tahliye oldu mu, \u00f6zg\u00fcr b\u0131rak\u0131ld\u0131 m\u0131?<\/p>\n","protected":false},"author":1,"featured_media":21538,"comment_status":"open","ping_status":"open","sticky":false,"template":"","format":"standard","meta":{"footnotes":""},"categories":[10],"tags":[2099],"class_list":["post-21537","post","type-post","status-publish","format-standard","has-post-thumbnail","hentry","category-basketbol","tag-durmaz"],"_links":{"self":[{"href":"https:\/\/haberbesiktas.tr\/index.php?rest_route=\/wp\/v2\/posts\/21537","targetHints":{"allow":["GET"]}}],"collection":[{"href":"https:\/\/haberbesiktas.tr\/index.php?rest_route=\/wp\/v2\/posts"}],"about":[{"href":"https:\/\/haberbesiktas.tr\/index.php?rest_route=\/wp\/v2\/types\/post"}],"author":[{"embeddable":true,"href":"https:\/\/haberbesiktas.tr\/index.php?rest_route=\/wp\/v2\/users\/1"}],"replies":[{"embeddable":true,"href":"https:\/\/haberbesiktas.tr\/index.php?rest_route=%2Fwp%2Fv2%2Fcomments&post=21537"}],"version-history":[{"count":1,"href":"https:\/\/haberbesiktas.tr\/index.php?rest_route=\/wp\/v2\/posts\/21537\/revisions"}],"predecessor-version":[{"id":21539,"href":"https:\/\/haberbesiktas.tr\/index.php?rest_route=\/wp\/v2\/posts\/21537\/revisions\/21539"}],"wp:featuredmedia":[{"embeddable":true,"href":"https:\/\/haberbesiktas.tr\/index.php?rest_route=\/wp\/v2\/media\/21538"}],"wp:attachment":[{"href":"https:\/\/haberbesiktas.tr\/index.php?rest_route=%2Fwp%2Fv2%2Fmedia&parent=21537"}],"wp:term":[{"taxonomy":"category","embeddable":true,"href":"https:\/\/haberbesiktas.tr\/index.php?rest_route=%2Fwp%2Fv2%2Fcategories&post=21537"},{"taxonomy":"post_tag","embeddable":true,"href":"https:\/\/haberbesiktas.tr\/index.php?rest_route=%2Fwp%2Fv2%2Ftags&post=21537"}],"curies":[{"name":"wp","href":"https:\/\/api.w.org\/{rel}","templated":true}]}}