{"id":21540,"date":"2025-04-20T01:36:05","date_gmt":"2025-04-20T01:36:05","guid":{"rendered":"https:\/\/haberbesiktas.tr\/?p=21540"},"modified":"2025-04-20T01:36:05","modified_gmt":"2025-04-20T01:36:05","slug":"slavko-vincic-kimdir-galatasaray-fenerbahce-derbi-hakemi-acun-ilicali-ve-maribor-iliskisi-gundem-oldu","status":"publish","type":"post","link":"https:\/\/haberbesiktas.tr\/?p=21540","title":{"rendered":"Slavko Vincic kimdir? Galatasaray-Fenerbah\u00e7e derbi hakemi |\u00a0Acun Il\u0131cal\u0131 ve Maribor ili\u015fkisi g\u00fcndem oldu"},"content":{"rendered":"<div><span>T\u00fcrkiye Futbol Federasyonu (TFF) Ba\u015fkan\u0131 \u0130brahim Hac\u0131osmano\u011flu, Riva&#8217;da d\u00fczenledi\u011fi bas\u0131n toplant\u0131s\u0131nda, Galatasaray ile Fenerbah\u00e7e ortas\u0131nda oynanacak kritik derbiyi yabanc\u0131 bir hakemin y\u00f6netece\u011fini duyurdu.\u00a0Trendyol S\u00fcper Lig&#8217;de 25. haftada oynanacak Galatasaray-Fenerbah\u00e7e derbisinin hakemi a\u00e7\u0131kland\u0131. TFF&#8217;den yap\u0131lan a\u00e7\u0131klamaya nazaran derbiyi Slavko Vincic y\u00f6netecek.<\/p>\n<p><\/span> <\/p>\n<div><span><strong>SLAVKO V\u0130NC\u0130C K\u0130MD\u0130R?<\/strong><br \/><\/span> <\/p>\n<div><span>25 Kas\u0131m 1979&#8217;da Maribor, Slovenya&#8217;da do\u011fan Slavko Vincic, 2010 y\u0131l\u0131ndan bu yana FIFA kokart\u0131 ta\u015f\u0131yan bir hakemdir. Lakin, mesle\u011fi boyunca y\u00f6netti\u011fi ma\u00e7lar\u0131n yan\u0131 s\u0131ra \u00e7e\u015fitli tart\u0131\u015fmalarla da g\u00fcndeme gelmi\u015ftir.<\/span><\/p>\n<p><span>TFF&#8217;nin Galatasaray-Fenerbah\u00e7e derbisi i\u00e7in Vincic&#8217;i g\u00f6revlendirmesi b\u00fcy\u00fck soru i\u015faretleri do\u011furdu. Bu karar\u0131n, Fenerbah\u00e7e Asba\u015fkan\u0131 Acun Il\u0131cal\u0131&#8217;n\u0131n Slovenya tak\u0131m\u0131 Maribor&#8217;u sat\u0131n almas\u0131 ve UEFA Ba\u015fkan\u0131 Aleksander Ceferin&#8217;in de Slovenyal\u0131 olmas\u0131yla temasl\u0131 olabilece\u011fi tezleri g\u00fcndeme geldi. Hakem atamas\u0131yla ilgili tarafs\u0131zl\u0131k tart\u0131\u015fmalar\u0131 s\u00fcrerken, futbol kamuoyunda bu tercih b\u00fcy\u00fck yank\u0131 uyand\u0131rd\u0131.<\/span><\/p>\n<p><span>Vincic, daha evvel 2020-21 UEFA \u015eampiyonlar Ligi \u00e7eyrek finalinde Porto-Chelsea, UEFA Avrupa Ligi yar\u0131 finalinde Arsenal-Villarreal ve 2022 UEFA Avrupa Ligi Finali&#8217;nde Eintracht Frankfurt-Rangers ma\u00e7lar\u0131n\u0131 y\u00f6netmi\u015fti. Lakin deneyimli hakemin ge\u00e7mi\u015finde yaln\u0131zca de\u011ferli ma\u00e7lar de\u011fil, skandallar da bulunuyor.<\/span><\/p>\n<p><span><span>2020 y\u0131l\u0131nda Bosna-Hersek&#8217;te d\u00fczenlenen bir fuhu\u015f ve uyu\u015fturucu operasyonunda tutuklanan Vincic, olay\u0131n akabinde h\u00fcr b\u0131rak\u0131lm\u0131\u015f olsa da ismi uzun m\u00fcddet \u015faibeyle an\u0131ld\u0131. Mesle\u011finde tart\u0131\u015fmal\u0131 kararlar\u0131yla da dikkat \u00e7eken Sloven hakemin, kritik derbiyi nas\u0131l y\u00f6netece\u011fi \u015fimdiden b\u00fcy\u00fck bir merak konusu.<\/p>\n<p><\/span><\/span> <strong>GALATASARAY, VINCIC&#8217;\u0130 \u0130STEMED\u0130<\/strong> Bu isimlerden Slavko Vincic&#8217;in \u00f6n plana \u00e7\u0131kmas\u0131 \u00fczerine Galatasaray Kul\u00fcb\u00fc harekete ge\u00e7ti ve Fenerbah\u00e7e Asba\u015fkan\u0131 Acun Il\u0131cal\u0131&#8217;n\u0131n Slovenya&#8217;da Maribor Kul\u00fcb\u00fc&#8217;n\u00fcn sahibi olmas\u0131 nedeniyle Vincic&#8217;i istemedi\u011fini TFF&#8217;ye bildirdi.<\/p>\n<p> <strong>GALATASARAY&#8217;IN TALEB\u0130NE RET<\/strong><\/p>\n<p> Ya\u011f\u0131z Sabuncuo\u011flu&#8217;nun haberine nazaran; TFF, Vincic ba\u015fvurusu sonras\u0131 Galatasaray&#8217;a olumsuz cevap verdi.<\/p>\n<p> <strong>&#8220;GALATASARAY OLUMLU KAR\u015eILIK VERM\u0130\u015eT\u0130&#8221;<\/strong><\/p>\n<p> \u0130brahim Hac\u0131osmano\u011flu: &#8220;Bug\u00fcnk\u00fc toplant\u0131n\u0131n art plan\u0131n\u0131 kamuoyuna a\u00e7\u0131klama yapmak istiyorum. Galatasaray ve Fenerbah\u00e7e&#8217;ye davetten evvel bilgi verdik. \u00d6ncesinde bilgi verdik, birinci olarak sal\u0131 g\u00fcn\u00fc toplant\u0131y\u0131 tertip etmeyi planlad\u0131k. Fenerbah\u00e7e &#8216;tamam&#8217; dedi, Galatasaray genel sekreteri taraf\u0131ndan &#8216;sal\u0131 g\u00fcn\u00fc divan toplant\u0131m\u0131z, \u00e7ar\u015famba olup olmayaca\u011f\u0131n\u0131&#8217; sordular. Fenerbah\u00e7e taraf\u0131yla g\u00f6r\u00fc\u015f\u00fcp \u00e7ar\u015fambay\u0131 sorduk, olumlu d\u00f6n\u00fc\u015f yapt\u0131lar. Arkada\u015flar\u0131m\u0131z Galatasaray&#8217;a d\u00f6n\u00fc\u015f yap\u0131p \u00e7ar\u015famba g\u00fcn\u00fc i\u00e7in olumlu yan\u0131t verdi ve toplant\u0131y\u0131 kabul etti. Bunun \u00fczerine kamuoyuyla payla\u015ft\u0131k. Kimin samimiyetsiz oldu\u011funu kamuoyuna b\u0131rak\u0131yoruz.&#8221;<\/p>\n<p> \u0130brahim Hac\u0131osmano\u011flu: &#8220;\u0130stiyoruz ki iki grup ortas\u0131ndaki gerginlik yerine futbolun kalitesi konu\u015fulsun. \u0130stiyoruz ki b\u00fcy\u00fck kul\u00fcplerimiz, kendi b\u00fcy\u00fckl\u00fcklerine yak\u0131\u015f\u0131r formda gen\u00e7lere ve \u00e7ocuklara \u00f6rnek olsun. T\u00fcm futbol ailesi hengameden uzak m\u00fcsabaka izlesin. Kul\u00fcplerimizden, topluluklar\u0131na yak\u0131\u015f\u0131r hareket etmesini istiyoruz. \u0130stedik ki derbi ma\u00e7\u0131 \u00f6ncesi kul\u00fcp liderleriyle taraftarlara bir bildiri verelim, dilek etmedi\u011fimiz hadiseler olmas\u0131n, g\u00fcvenlik kah\u0131rlar\u0131 \u00e7\u0131kmas\u0131n. Futbolun amiri olarak futbolun s\u0131hhatini korumak vazifemiz. Yeri geldi\u011finde \u015fahs\u00ee hislerimizi bir kenara b\u0131rak\u0131p futbolun kendisini merkeze koyarak hareket ediyoruz. Bu daveti de bu niyet ve i\u00e7tenlikle yapt\u0131k.&#8221;<\/p>\n<p> \u0130brahim Hac\u0131osmano\u011flu: &#8220;Hayat\u0131mda \u00e7izgileri \u00e7ok net olan bir be\u015ferim. \u0130nanmad\u0131\u011f\u0131m \u015feyleri yapmad\u0131m, yapmad\u0131k. Vazifeye gelir gelmez kul\u00fcplere davet yapt\u0131k, rencide edici a\u00e7\u0131klamalar olmas\u0131n, herkes kendine yak\u0131\u015f\u0131r \u00f6rnek davran\u0131\u015f i\u00e7inde olsun. Bu daveti de bu t\u00fcrl\u00fc yapt\u0131k ve de\u011ferli olan b\u00fcy\u00fck kul\u00fcplere lider olmak, y\u00f6netici olmak de\u011fil, k\u0131ymetli olan olduktan sonra i\u00e7inde oldu\u011funuz kul\u00fcb\u00fcn b\u00fcy\u00fckl\u00fc\u011f\u00fcne yak\u0131\u015f\u0131r davranmakt\u0131r.&#8221;<\/p>\n<p> \u0130brahim Hac\u0131osmano\u011flu: &#8220;Ki\u015fisel ihtiraslar\u0131, dilekleri kendi kul\u00fcplerinin \u00f6n\u00fcne koyanlar futbolun huzurunu ve bar\u0131\u015f\u0131 istiyor olabilir mi! Ortak iyiyi tesis etmek olabilir mi! Kendi \u015fahs\u00ee kavgalar\u0131n\u0131, kul\u00fcplerini ve topluluklar\u0131n\u0131 kullanarak s\u00fcrd\u00fcrenler kelamda de\u011fil \u00f6zde samimi olmalar\u0131, futbolun muhta\u00e7l\u0131\u011f\u0131 olan karde\u015flik iklimine rastgele bir katk\u0131 sa\u011flay\u0131p sa\u011flamayaca\u011f\u0131n\u0131 kamuoyunun takdirine b\u0131rak\u0131yorum.&#8221;<\/p>\n<p> <strong>&#8220;DERB\u0130DE YABANCI HAKEM&#8221;<\/strong><\/p>\n<p> \u0130brahim Hac\u0131osmano\u011flu: &#8220;D\u00fcn ak\u015fam da hakem arkada\u015flarla uzun sohbet ettik. Birinci ba\u015ftan beri kendi evlatlar\u0131m\u0131za g\u00fcveniyoruz lakin biz tart\u0131\u015fmalar\u0131n \u00f6n\u00fcn\u00fc kesmek i\u00e7in bu ma\u00e7\u0131n hakemi yabanc\u0131 olacak.&#8221;<\/p>\n<p> \u0130brahim Hac\u0131osmano\u011flu: &#8220;Se\u00e7ildi\u011fimiz g\u00fcn s\u00f6yledik, adil ve adaletli olaca\u011f\u0131z, herkese e\u015fit aral\u0131kta olaca\u011f\u0131z. Bu \u00e7izgimizden taviz vermedik, vazife s\u00fcremiz boyunca da vermeyece\u011fiz. En ho\u015f \u00f6rne\u011fini kelamda s\u00f6ylemek kolayd\u0131r ama icraatte s\u00f6zleri topluma ya\u015fatmak icat ister. Bu icat\u0131n en ho\u015f \u00f6rne\u011fi, Mecnun Liderimiz bir arada yola \u00e7\u0131kt\u0131k, Sivasspor ile \u00f6zde\u015fle\u015fmi\u015f lakin Sivasspor bug\u00fcn k\u00fcme d\u00fc\u015fmeye oynuyor. Bize kimi yak\u0131\u015ft\u0131rmalar yap\u0131l\u0131yor, keseriz parma\u011f\u0131, bordo mavi kan akar, Trabzonspor ile \u00f6zde\u015fle\u015fmi\u015f bir be\u015ferim, Trabzonspor da k\u00fcme d\u00fc\u015fmenin bir t\u0131k \u00fcst\u00fcnde. Adil ve herkese e\u015fit oldu\u011fumuzun yegane delili budur.&#8221;<\/p>\n<p> \u0130brahim Hac\u0131osmano\u011flu: &#8220;Bu ma\u00e7\u0131 y\u00f6netecek \u00e7ok hakem arkada\u015flar\u0131m\u0131z var. Bu karar\u0131 al\u0131rken, kul\u00fcpler ba\u015fvurursa alaca\u011f\u0131z dediler. \u0130dare konseyindeki arkada\u015flar, yetkiyi bana verdiler. Tart\u0131\u015fmay\u0131 kesmek i\u00e7in ve hakem arkada\u015flar\u0131m\u0131z\u0131 tart\u0131\u015f\u0131l\u0131r pozisyona sokmamak i\u00e7in bu ma\u00e7\u0131n hakemi d\u00fcnya \u00e7ap\u0131nda yabanc\u0131 bir hakem olacak. Sal\u0131 g\u00fcn\u00fc yaz\u0131\u015fmalar yapacak, teyitleri al\u0131nd\u0131. Hakemin d\u00fcnya \u00e7ap\u0131nda yabanc\u0131 olaca\u011f\u0131n\u0131 s\u00f6yleyebilirim. Hakem atamalar\u0131n\u0131 MHK yap\u0131yor. Hafta sonu hakemi duyars\u0131n\u0131z.&#8221;<\/p>\n<p> \u0130brahim Hac\u0131osmano\u011flu: &#8220;Futbolun amiri biziz. D\u00f6n\u00fc\u015f yapm\u0131yoruz. Biz bunlar\u0131 isti\u015fare edip bilgileri vermek \u00fczere iki kul\u00fcb\u00fc TFF&#8217;ye \u00e7a\u011f\u0131rd\u0131k.&#8221;<\/p>\n<p> <strong>&#8220;Yabanc\u0131 hakem y\u00f6netecek dediniz. Toplumsal medyada inan\u0131lmaz bir bask\u0131 oldu\u011fu s\u00f6yleniyor size. Yabanc\u0131 hakemden T\u00fcrk hakeme d\u00f6n\u00fc\u015f ihitmali var m\u0131?&#8221;<\/strong><\/p>\n<p> \u0130brahim Hac\u0131osmano\u011flu: &#8220;Bunu soru olarak kabul etmiyorum ho\u015f karde\u015fim. Buras\u0131 \u00f6nemli bir kurulu\u015f. \u00d6nemli sorarsan\u0131z kar\u015f\u0131l\u0131\u011f\u0131n\u0131 al\u0131rs\u0131n\u0131z. \u00d6nemli soru soracaks\u0131n\u0131z!&#8221;<\/p>\n<p> <strong>&#8220;Dursun \u00d6zbek&#8217;in Divan Heyeti&#8217;nde a\u00e7\u0131klamas\u0131 oldu. A\u00e7\u0131klamadan sonra konu\u015fmak istediniz mi?&#8221;<\/strong><\/p>\n<p> \u0130brahim Hac\u0131osmano\u011flu: &#8220;Divan toplant\u0131s\u0131ndan sonra kendisi beni arad\u0131. \u00d6zel konu\u015fmalar\u0131 burada size mi anlataca\u011f\u0131m, kendi ortam\u0131zda olan konu\u015fma. Galatasaray toplulu\u011funa, t\u00fcm topluluklara h\u00fcrmetimiz var. Dursun Lider da 10 y\u0131ldan beri tan\u0131d\u0131\u011f\u0131m, birebir devirde ba\u015fkanl\u0131k yapt\u0131\u011f\u0131m birisidir.&#8221;<\/p>\n<p> <\/div>\n<\/p><\/div>\n<\/div>\n<p><\/p>\n","protected":false},"excerpt":{"rendered":"<p>Galatasaray &#8211; Fenerbah\u00e7e ma\u00e7\u0131n\u0131 Sloven hakem Slovak Vincic y\u00f6netecek.Y\u0131l\u0131n derbisi i\u00e7in Fenerbah\u00e7e yabanc\u0131 hakem isteniyordu. T\u00fcrkiye Futbol Federasyonu (TFF) Ba\u015fkan\u0131  \u0130brahim Hac\u0131osmano\u011flu, Galatasaray ile Fenerbah\u00e7e ortas\u0131nda oynanacak derbiyi yabanc\u0131 hakemin y\u00f6netece\u011fini a\u00e7\u0131klad\u0131. Pekala Slavko Vincic kimdir? Galatasaray &#8211; Fenerbah\u00e7e derbisini hangi hakem y\u00f6netecek?<\/p>\n","protected":false},"author":1,"featured_media":21541,"comment_status":"open","ping_status":"open","sticky":false,"template":"","format":"standard","meta":{"footnotes":""},"categories":[10],"tags":[115,172,129,62,2046],"class_list":["post-21540","post","type-post","status-publish","format-standard","has-post-thumbnail","hentry","category-basketbol","tag-fenerbahce","tag-futbol","tag-galatasaray","tag-hakem","tag-vincic"],"_links":{"self":[{"href":"https:\/\/haberbesiktas.tr\/index.php?rest_route=\/wp\/v2\/posts\/21540","targetHints":{"allow":["GET"]}}],"collection":[{"href":"https:\/\/haberbesiktas.tr\/index.php?rest_route=\/wp\/v2\/posts"}],"about":[{"href":"https:\/\/haberbesiktas.tr\/index.php?rest_route=\/wp\/v2\/types\/post"}],"author":[{"embeddable":true,"href":"https:\/\/haberbesiktas.tr\/index.php?rest_route=\/wp\/v2\/users\/1"}],"replies":[{"embeddable":true,"href":"https:\/\/haberbesiktas.tr\/index.php?rest_route=%2Fwp%2Fv2%2Fcomments&post=21540"}],"version-history":[{"count":1,"href":"https:\/\/haberbesiktas.tr\/index.php?rest_route=\/wp\/v2\/posts\/21540\/revisions"}],"predecessor-version":[{"id":21542,"href":"https:\/\/haberbesiktas.tr\/index.php?rest_route=\/wp\/v2\/posts\/21540\/revisions\/21542"}],"wp:featuredmedia":[{"embeddable":true,"href":"https:\/\/haberbesiktas.tr\/index.php?rest_route=\/wp\/v2\/media\/21541"}],"wp:attachment":[{"href":"https:\/\/haberbesiktas.tr\/index.php?rest_route=%2Fwp%2Fv2%2Fmedia&parent=21540"}],"wp:term":[{"taxonomy":"category","embeddable":true,"href":"https:\/\/haberbesiktas.tr\/index.php?rest_route=%2Fwp%2Fv2%2Fcategories&post=21540"},{"taxonomy":"post_tag","embeddable":true,"href":"https:\/\/haberbesiktas.tr\/index.php?rest_route=%2Fwp%2Fv2%2Ftags&post=21540"}],"curies":[{"name":"wp","href":"https:\/\/api.w.org\/{rel}","templated":true}]}}