{"id":21543,"date":"2025-04-20T01:48:05","date_gmt":"2025-04-20T01:48:05","guid":{"rendered":"https:\/\/haberbesiktas.tr\/?p=21543"},"modified":"2025-04-20T01:48:05","modified_gmt":"2025-04-20T01:48:05","slug":"altin-neden-yukseliyor-21-subat-ons-ve-gram-altin-fiyatlari","status":"publish","type":"post","link":"https:\/\/haberbesiktas.tr\/?p=21543","title":{"rendered":"Alt\u0131n neden y\u00fckseliyor? 21 \u015eubat ons ve gram alt\u0131n fiyatlar\u0131"},"content":{"rendered":"<div><span>Son sekiz haftad\u0131r y\u00fckseli\u015f trendinde olan alt\u0131n, yeni bir rekora daha imza att\u0131. 24 ayar gram alt\u0131n, h\u00fcr piyasada birinci kere 3.500 TL d\u00fczeyine ula\u015ft\u0131. Pekala,\u00a0Alt\u0131n neden y\u00fckseliyor?\u00a0<\/p>\n<p><\/span><strong>ALTIN NEDEN Y\u00dcKSEL\u0130YOR?<\/strong><\/p>\n<p><span>Alt\u0131n\u0131n ons fiyat\u0131 ise 11 \u015eubat&#8217;ta 2.942 dolara \u00e7\u0131karak tarihi bir d\u00fczeye y\u00fckseldi. Yat\u0131r\u0131m bankas\u0131 Goldman Sachs, 17 \u015eubat&#8217;ta 2025 y\u0131l sonu i\u00e7in varsay\u0131mlar\u0131n\u0131 g\u00fcncelleyerek ons alt\u0131n\u0131n 3.100 dolara \u00e7\u0131kaca\u011f\u0131n\u0131 \u00f6ng\u00f6rd\u00fc.<\/span><\/p>\n<p><span>Yat\u0131r\u0131mc\u0131lar a\u00e7\u0131s\u0131ndan bak\u0131ld\u0131\u011f\u0131nda, alt\u0131n son bir y\u0131l i\u00e7inde dolar baz\u0131nda yakla\u015f\u0131k %45, TL baz\u0131nda ise %70 oran\u0131nda paha kazand\u0131.<\/span><\/p>\n<p><strong>T\u0130CARET SAVA\u015eLARI ME\u00c7HULL\u00dc\u011e\u00dc ARTIRIYOR<\/strong><br \/><span>Alt\u0131n ve para piyasalar\u0131 uzman\u0131 Mehmet Ali Y\u0131ld\u0131r\u0131mt\u00fcrk, bu y\u00fckseli\u015fin en b\u00fcy\u00fck nedenlerinden birinin ABD eski Ba\u015fkan\u0131 Donald Trump&#8217;\u0131n ba\u015flatt\u0131\u011f\u0131 ticaret sava\u015flar\u0131 oldu\u011funu belirtiyor. Y\u0131ld\u0131r\u0131mt\u00fcrk&#8217;e nazaran, ekonomik bilgiler ve faiz siyasetlerinden \u00e7ok, Trump&#8217;\u0131n global ticareti etkileyen at\u0131l\u0131mlar\u0131 belirsizlik yarat\u0131yor ve bu da alt\u0131na olan ilgiyi art\u0131r\u0131yor.<\/span><\/p>\n<p><span>\u00d6zellikle \u00c7in, Kanada ve Meksika&#8217;ya uygulanan g\u00fcmr\u00fck vergileri ve sonras\u0131nda gelen kar\u015f\u0131l\u0131klar, piyasalardaki tasay\u0131 t\u0131rmand\u0131r\u0131yor. Avrupa&#8217;ya s\u0131\u00e7rama ihtimali olan bu tansiyon, yat\u0131r\u0131mc\u0131lar\u0131n inan\u00e7l\u0131 liman olarak g\u00f6rd\u00fc\u011f\u00fc alt\u0131na y\u00f6nelmesine neden oluyor.<\/span><\/p>\n<p><strong>ALTINA TALEP NEDEN ARTIYOR?<\/strong><br \/><span>Ekonomist Sevimli Sar\u0131, alt\u0131na olan global talebin ard\u0131nda siyasi, ekonomik ve jeopolitik fakt\u00f6rlerin yatt\u0131\u011f\u0131n\u0131 belirtiyor. Ortado\u011fu&#8217;daki sava\u015f ortam\u0131, Rusya-Ukrayna ortas\u0131ndaki tansiyon ve global belirsizlik, yat\u0131r\u0131mc\u0131lar\u0131 alt\u0131n almaya y\u00f6nlendiriyor.<\/span><\/p>\n<p><span>Bunun yan\u0131nda ABD Merkez Bankas\u0131 (FED) faiz siyasetleri da alt\u0131n fiyatlar\u0131n\u0131 direkt etkileyen \u00f6geler ortas\u0131nda yer al\u0131yor. Ocak ay\u0131nda ABD&#8217;de enflasyonun beklenenden y\u00fcksek \u00e7\u0131kmas\u0131 ve yeni ek vergilerin uygulanmas\u0131, FED&#8217;in faiz indirim s\u00fcrecini yava\u015flatabilir. Bu durum, yat\u0131r\u0131mc\u0131lar\u0131n enflasyona kar\u015f\u0131 korunmak hedefiyle alt\u0131na y\u00f6nelmesine yol a\u00e7\u0131yor.<\/span><\/p>\n<p><strong>MERKEZ BANKALARI ALTIN B\u0130R\u0130KT\u0130R\u0130YOR<\/strong><br \/><span>Alt\u0131na y\u00f6nelik en b\u00fcy\u00fck talep ferdi yat\u0131r\u0131mc\u0131lardan de\u011fil, merkez bankalar\u0131ndan geliyor. \u00c7in, Rusya, Polonya, Hindistan ve T\u00fcrkiye ba\u015fta olmak \u00fczere bir\u00e7ok \u00fclkenin merkez bankalar\u0131, rezervlerini alt\u0131nla g\u00fc\u00e7lendirmeye devam ediyor.<\/span><\/p>\n<p><span>\u00d6zellikle \u00c7in&#8217;de sigorta \u015firketlerine varl\u0131klar\u0131n\u0131n %1&#8217;ini alt\u0131na \u00e7evirme yetkisi verilmesi, kurumsal yat\u0131r\u0131mc\u0131lar\u0131n da alt\u0131na olan ilgisini art\u0131r\u0131yor. Global ekonomik belirsizlik devam ettik\u00e7e, alt\u0131n\u0131n inan\u00e7l\u0131 liman olarak g\u00f6r\u00fclmesi ve buna ba\u011fl\u0131 fiyat art\u0131\u015f\u0131 s\u00fcrecek \u00fczere g\u00f6r\u00fcn\u00fcyor.<\/span><\/p>\n<p><strong>T\u00dcRK\u0130YE&#8217;DE ALTINA Y\u00d6NEL\u0130K \u0130LG\u0130 ARTIYOR<\/strong><br \/><span>Kapal\u0131\u00e7ar\u015f\u0131&#8217;da uzun y\u0131llard\u0131r piyasa hareketlerini takip eden Mehmet Ali Y\u0131ld\u0131r\u0131mt\u00fcrk, alt\u0131n\u0131n 3.000 dolar d\u00fczeyini a\u015faca\u011f\u0131 beklentisinin T\u00fcrkiye&#8217;de de g\u00fc\u00e7l\u00fc oldu\u011funu tabir ediyor. Kur muhafazal\u0131 mevduat hesaplar\u0131n\u0131n sona erecek olmas\u0131 ve yat\u0131r\u0131m fonlar\u0131na getirilen vergi art\u0131\u015f\u0131, yat\u0131r\u0131mc\u0131lar\u0131 alt\u0131na y\u00f6nelten ba\u015fka etkenler ortas\u0131nda yer al\u0131yor.<\/span><\/p>\n<p><span>T\u00fcrkiye&#8217;de alt\u0131na olan talep, t\u0131pk\u0131 vakitte y\u00fcksek enflasyon beklentisiyle de direkt alakal\u0131. Merkez Bankas\u0131&#8217;n\u0131n y\u0131l sonu enflasyon iddias\u0131n\u0131 %24&#8217;e \u00e7\u0131karmas\u0131 ve T\u00dc\u0130K&#8217;in Ocak ay\u0131 enflasyonunu %5 olarak a\u00e7\u0131klamas\u0131, yat\u0131r\u0131mc\u0131lar\u0131n inan\u00e7l\u0131 liman olarak alt\u0131n\u0131 tercih etmesine neden oluyor.<\/span><\/p>\n<p><strong>D\u00dcNYADA ALTIN NEREDE \u00dcRET\u0130L\u0130YOR?<\/strong><br \/><span>Ge\u00e7mi\u015fte d\u00fcnyan\u0131n en b\u00fcy\u00fck alt\u0131n \u00fcreticisi G\u00fcney Afrika iken, 2007 y\u0131l\u0131ndan bu yana \u00c7in, alt\u0131n \u00fcretiminde ba\u015fkan pozisyonda. Bug\u00fcne kadar d\u00fcnya genelinde 210 bin ton alt\u0131n \u00e7\u0131kar\u0131ld\u0131\u011f\u0131 kestirim ediliyor ve hala 50 bin tonluk bir rezervin yer alt\u0131nda oldu\u011fu biliniyor.<\/span><\/p>\n<p><span>Her y\u0131l d\u00fcnyada yakla\u015f\u0131k 3 bin ton alt\u0131n \u00fcretilse de, alt\u0131n madencili\u011finin \u00e7evresel tesirleri h\u00e2l\u00e2 tart\u0131\u015fma konusu. Siyan\u00fcr kullan\u0131m\u0131 ve su kaynaklar\u0131n\u0131n t\u00fcketilmesi \u00fczere fakt\u00f6rler nedeniyle, bir\u00e7ok \u00fclkede alt\u0131n madencili\u011fine kar\u015f\u0131 \u00e7evresel u\u011fra\u015flar s\u00fcr\u00fcyor.<\/span><\/p>\n<p><span>T\u00fcrkiye&#8217;de de 1990&#8217;l\u0131 y\u0131llarda Bergama&#8217;da ba\u015flayan etraf direni\u015fi ve son olarak Kaz Da\u011flar\u0131&#8217;ndaki alt\u0131n madeni projelerine kar\u015f\u0131 y\u00fcr\u00fct\u00fclen protestolar, alt\u0131n madencili\u011fi konusunda s\u00fcregelen hassasiyeti g\u00f6zler \u00f6n\u00fcne seriyor.<\/span><\/p>\n<p><span>T\u00fcrkiye&#8217;de hala 19 etkin alt\u0131n madeni bulunuyor ve y\u0131ll\u0131k yakla\u015f\u0131k 31 ton alt\u0131n \u00fcretiliyor. Global ekonomik belirsizlik ve yat\u0131r\u0131mc\u0131lar\u0131n inan\u00e7l\u0131 liman aray\u0131\u015f\u0131 devam ettik\u00e7e, alt\u0131n\u0131n y\u00fckseli\u015fi de s\u00fcrecek \u00fczere g\u00f6r\u00fcn\u00fcyor.<\/span><\/div>\n<p><\/p>\n","protected":false},"excerpt":{"rendered":"<p>Alt\u0131n neden y\u00fckseliyor? Global piyasalarda alt\u0131n, y\u00fckseli\u015f trendini s\u00fcrd\u00fcrerek yeni bir rekor k\u0131rd\u0131. Alt\u0131n\u0131n ons fiyat\u0131 2.946 dolar\u0131 a\u015farak bu y\u0131l i\u00e7inde dokuzuncu defa tarihi d\u00fczeylere ula\u015ft\u0131. \u0130\u015fte 21 \u015eubat 2025 ons ve gram alt\u0131n fiyatlar\u0131<\/p>\n","protected":false},"author":1,"featured_media":21544,"comment_status":"open","ping_status":"open","sticky":false,"template":"","format":"standard","meta":{"footnotes":""},"categories":[10],"tags":[401,388,995,222,1504],"class_list":["post-21543","post","type-post","status-publish","format-standard","has-post-thumbnail","hentry","category-basketbol","tag-altin","tag-enflasyon","tag-merkez","tag-turkiye","tag-yatirim"],"_links":{"self":[{"href":"https:\/\/haberbesiktas.tr\/index.php?rest_route=\/wp\/v2\/posts\/21543","targetHints":{"allow":["GET"]}}],"collection":[{"href":"https:\/\/haberbesiktas.tr\/index.php?rest_route=\/wp\/v2\/posts"}],"about":[{"href":"https:\/\/haberbesiktas.tr\/index.php?rest_route=\/wp\/v2\/types\/post"}],"author":[{"embeddable":true,"href":"https:\/\/haberbesiktas.tr\/index.php?rest_route=\/wp\/v2\/users\/1"}],"replies":[{"embeddable":true,"href":"https:\/\/haberbesiktas.tr\/index.php?rest_route=%2Fwp%2Fv2%2Fcomments&post=21543"}],"version-history":[{"count":1,"href":"https:\/\/haberbesiktas.tr\/index.php?rest_route=\/wp\/v2\/posts\/21543\/revisions"}],"predecessor-version":[{"id":21545,"href":"https:\/\/haberbesiktas.tr\/index.php?rest_route=\/wp\/v2\/posts\/21543\/revisions\/21545"}],"wp:featuredmedia":[{"embeddable":true,"href":"https:\/\/haberbesiktas.tr\/index.php?rest_route=\/wp\/v2\/media\/21544"}],"wp:attachment":[{"href":"https:\/\/haberbesiktas.tr\/index.php?rest_route=%2Fwp%2Fv2%2Fmedia&parent=21543"}],"wp:term":[{"taxonomy":"category","embeddable":true,"href":"https:\/\/haberbesiktas.tr\/index.php?rest_route=%2Fwp%2Fv2%2Fcategories&post=21543"},{"taxonomy":"post_tag","embeddable":true,"href":"https:\/\/haberbesiktas.tr\/index.php?rest_route=%2Fwp%2Fv2%2Ftags&post=21543"}],"curies":[{"name":"wp","href":"https:\/\/api.w.org\/{rel}","templated":true}]}}