{"id":21546,"date":"2025-04-20T02:00:05","date_gmt":"2025-04-20T02:00:05","guid":{"rendered":"https:\/\/haberbesiktas.tr\/?p=21546"},"modified":"2025-04-20T02:00:05","modified_gmt":"2025-04-20T02:00:05","slug":"ak-parti-kongresi-ne-zaman-2025-akp-kongre-tarihi","status":"publish","type":"post","link":"https:\/\/haberbesiktas.tr\/?p=21546","title":{"rendered":"AK Parti kongresi ne zaman? 2025 AKP kongre tarihi"},"content":{"rendered":"<div>Adalet ve Kalk\u0131nma Partisi (AK Parti), 23 \u015eubat&#8217;ta 8. Ola\u011fan B\u00fcy\u00fck Kongresi&#8217;ni ger\u00e7ekle\u015ftirecek. Kongre, &#8220;Ad\u0131nda AK, I\u015f\u0131\u011f\u0131nda \u0130stikbal&#8221; ana slogan\u0131yla Ankara Spor Salonu&#8217;nda d\u00fczenlenecek. 1607 delegenin oy kullanmas\u0131 beklenen bu kritik tertip, partinin yeni periyot stratejilerini belirlemek i\u00e7in b\u00fcy\u00fck k\u0131ymet ta\u015f\u0131yor.<\/p>\n<p><strong>AK PART\u0130&#8217;N\u0130N S\u0130YAS\u0130 SEYAHAT\u0130: 23 YILLIK \u0130KT\u0130DAR SER\u00dcVEN\u0130<\/strong><\/p>\n<p>14 A\u011fustos 2001&#8217;de Recep Tayyip Erdo\u011fan liderli\u011finde kurulan AK Parti, 3 Kas\u0131m 2002 genel se\u00e7imlerinde y\u00fczde 34,28 oy oran\u0131yla tek ba\u015f\u0131na iktidara geldi. Fakat, o periyotta siyaset yasa\u011f\u0131 bulunan Erdo\u011fan, 8 Mart 2003&#8217;te Siirt&#8217;te yap\u0131lan yenileme se\u00e7imlerinde milletvekili se\u00e7ildi ve 14 Mart 2003&#8217;te 59. H\u00fck\u00fcmet&#8217;i kurarak ba\u015fbakanl\u0131k g\u00f6revini devrald\u0131.<\/p>\n<p>AK Parti, birinci lokal se\u00e7imini 28 Mart 2004&#8217;te ger\u00e7ekle\u015ftirdi ve y\u00fczde 41,7 oy oran\u0131yla b\u00fcy\u00fck bir muvaffakiyet elde etti. Akabinde gelen 2007 ve 2011 genel se\u00e7imlerinde de oy oran\u0131n\u0131 art\u0131rmay\u0131 ba\u015fararak iktidar\u0131n\u0131 s\u00fcrd\u00fcrd\u00fc.<\/p>\n<p><strong>CUMHURBA\u015eKANLI\u011eI H\u00dcK\u00dcMET S\u0130STEM\u0130&#8217;NE GE\u00c7\u0130\u015e<\/strong><\/p>\n<p>10 A\u011fustos 2014&#8217;te ger\u00e7ekle\u015ftirilen Cumhurba\u015fkanl\u0131\u011f\u0131 se\u00e7imlerinde Recep Tayyip Erdo\u011fan, halk taraf\u0131ndan se\u00e7ilen birinci Cumhurba\u015fkan\u0131 oldu. Akabinde 16 Nisan 2017&#8217;de yap\u0131lan referandum ile Cumhurba\u015fkanl\u0131\u011f\u0131 H\u00fck\u00fcmet Sistemi kabul edildi ve Cumhurba\u015fkan\u0131&#8217;n\u0131n parti \u00fcyeli\u011fi tekrar m\u00fcmk\u00fcn hale geldi.<\/p>\n<p>2 May\u0131s 2017&#8217;de AK Parti&#8217;ye yine \u00fcye olan Erdo\u011fan, 21 May\u0131s 2017&#8217;de ger\u00e7ekle\u015ftirilen 3. Harika Kongre&#8217;de tekrar Genel Lider se\u00e7ildi. AK Parti&#8217;nin 6. Ola\u011fan Kongresi ise 18 A\u011fustos 2018&#8217;de yap\u0131ld\u0131 ve Erdo\u011fan, t\u00fcm oylar\u0131 alarak genel ba\u015fkanl\u0131\u011f\u0131n\u0131 s\u00fcrd\u00fcrd\u00fc.<\/p>\n<p><strong>COVID-19 SALGINI VE 7. KONGRE S\u00dcREC\u0130<\/strong><\/p>\n<p>Ola\u011fan B\u00fcy\u00fck Kongre s\u00fcreci &#8220;\u0130nand\u0131\u011f\u0131n Yolda Y\u00fcr\u00fc&#8221; slogan\u0131yla 2019&#8217;un Aral\u0131k ay\u0131nda ba\u015flat\u0131ld\u0131. Lakin, Mart 2020&#8217;de t\u00fcm d\u00fcnyay\u0131 tesiri alt\u0131na alan COVID-19 pandemisi sebebiyle kongre s\u00fcreci ertelendi. Salg\u0131n kurallar\u0131na uygun tedbirler al\u0131narak vilayet ve il\u00e7e kongreleri tamamland\u0131 ve 24 Mart 2021&#8217;de 7. Ola\u011fan B\u00fcy\u00fck Kongre ger\u00e7ekle\u015ftirildi. Erdo\u011fan, 1428 delegenin tamam\u0131n\u0131n oyunu alarak tekrar Genel Ba\u015fkan oldu.<\/p>\n<p><strong>2023 GENEL SE\u00c7\u0130MLER\u0130 VE 4. HAR\u0130KUL\u00c2DE KONGRE<\/strong><\/p>\n<p>14 May\u0131s 2023&#8217;te ger\u00e7ekle\u015ftirilen se\u00e7imlerde AK Parti, birinci parti olarak \u00e7\u0131kt\u0131 ve Cumhurba\u015fkanl\u0131\u011f\u0131 Se\u00e7imi&#8217;nin ikinci tipini kazanan Erdo\u011fan, Cumhurba\u015fkanl\u0131\u011f\u0131n\u0131 s\u00fcrd\u00fcrd\u00fc. Se\u00e7imin akabinde 7 Ekim 2023&#8217;te 4. \u0130nan\u0131lmaz Kongre ger\u00e7ekle\u015ftirildi. Kongrede 49 isim MKYK&#8217;de yer de\u011fi\u015ftirirken, 26 isim yine listede bulundu. 18 bayan ve 57 erkek \u00fcye ile yeni bir idare yap\u0131s\u0131 olu\u015fturuldu.<\/p>\n<p><strong>8. B\u00dcY\u00dcK KONGREDE NELER BEKLEN\u0130YOR?<\/strong><\/p>\n<p>AK Parti, 12 Ekim 2023&#8217;te il\u00e7e, 30 Kas\u0131m 2023&#8217;te ise vilayet kongrelerini ba\u015flatm\u0131\u015f ve 7 \u015eubat 2024&#8217;te \u0130stanbul 8. Ola\u011fan Vilayet Kongresi ile t\u00fcm kongre s\u00fcrecini tamamlam\u0131\u015ft\u0131.<\/p>\n<p>23 \u015eubat&#8217;ta ger\u00e7ekle\u015ftirilecek 8. Ola\u011fan B\u00fcy\u00fck Kongre, AK Parti&#8217;nin gelecek periyot stratejilerini belirleyecek. Kongrede 1607 delege oy kullanacak, partinin yeni m\u00fczi\u011fi tan\u0131t\u0131lacak ve bir k\u0131sa sinema g\u00f6sterimi yap\u0131lacak. <strong>B\u00dcY\u00dcK KONGRE&#8217;N\u0130N ANA SLOGANI &#8220;ADINDA AK, I\u015eI\u011eINDA \u0130ST\u0130KBAL&#8221;<\/strong><\/p>\n<p>AK Parti&#8217;nin 23 \u015eubat Pazar g\u00fcn\u00fc yapaca\u011f\u0131 8. Ola\u011fan B\u00fcy\u00fck Kongre s\u00fcrecinde 12 Ekim&#8217;de il\u00e7e, 30 Kas\u0131m&#8217;da ise vilayet kongreleri ba\u015flad\u0131.<\/p>\n<p>7 \u015eubat&#8217;ta yap\u0131lan \u0130stanbul 8. Ola\u011fan Vilayet Kongresiyle 81 vilayette kongre s\u00fcrecini tamamlayan AK Parti&#8217;de, 23 \u015eubat&#8217;ta Ankara Spor Salonu&#8217;nda d\u00fczenlenecek 8. Ola\u011fan B\u00fcy\u00fck Kongre&#8217;ye ait haz\u0131rl\u0131klar s\u00fcr\u00fcyor.<\/p>\n<p>Ana slogan\u0131 &#8220;Ad\u0131nda AK, I\u015f\u0131\u011f\u0131nda \u0130stikbal&#8221; olarak kararla\u015ft\u0131r\u0131lan kongrede, 1607 delegenin oy kullanmas\u0131 bekleniyor. Kongrede ayr\u0131yeten AK Parti&#8217;nin yeni m\u00fczi\u011finin da tan\u0131t\u0131lmas\u0131 ve k\u0131sa sinema g\u00f6steriminin yap\u0131lmas\u0131 planlan\u0131yor.<\/p>\n<p><strong>400 B\u0130N DELEGEYE YAPAY ZEKA DAYANAKLI SORULAR SORULDU<\/strong><\/p>\n<p>Te\u015fkilat Ba\u015fkanl\u0131\u011f\u0131 \u00f6nc\u00fcl\u00fc\u011f\u00fcnde devam eden kongre \u00e7al\u0131\u015fmalar\u0131 kapsam\u0131nda il\u00e7e kongreleri tamamlanan vilayetlerde, &#8220;Ortak Ak\u0131l Toplant\u0131lar\u0131&#8221; d\u00fczenlendi. \u0130l\u00e7elerdeki 400 bin delege ile B\u00fcy\u00fck Kongre delegelerine, parti siyasetine dair sorular y\u00f6neltildi. Delegelerin verdi\u011fi cevaplar, yapay zeka takviyesiyle yorumland\u0131.<\/p>\n<p>Al\u0131nan cevaplarla ortaya \u00e7\u0131kacak anahtar s\u00f6zlerin, AK Parti&#8217;nin yeni periyot yol haritas\u0131n\u0131n \u015fekillenmesine katk\u0131 sa\u011flamas\u0131 hedefleniyor.<\/p>\n<\/div>\n<p><\/p>\n","protected":false},"excerpt":{"rendered":"<p>AK Parti&#8217;nin 23 \u015eubat Pazar g\u00fcn\u00fc yapaca\u011f\u0131 8. Ola\u011fan B\u00fcy\u00fck Kongre s\u00fcrecinde 12 Ekim&#8217;de il\u00e7e, 30 Kas\u0131m&#8217;da ise vilayet kongreleri ba\u015flad\u0131.<\/p>\n","protected":false},"author":1,"featured_media":21547,"comment_status":"open","ping_status":"open","sticky":false,"template":"","format":"standard","meta":{"footnotes":""},"categories":[10],"tags":[2102,254,2100,2103,2101],"class_list":["post-21546","post","type-post","status-publish","format-standard","has-post-thumbnail","hentry","category-basketbol","tag-delege","tag-erdogan","tag-kongre","tag-olagan","tag-parti"],"_links":{"self":[{"href":"https:\/\/haberbesiktas.tr\/index.php?rest_route=\/wp\/v2\/posts\/21546","targetHints":{"allow":["GET"]}}],"collection":[{"href":"https:\/\/haberbesiktas.tr\/index.php?rest_route=\/wp\/v2\/posts"}],"about":[{"href":"https:\/\/haberbesiktas.tr\/index.php?rest_route=\/wp\/v2\/types\/post"}],"author":[{"embeddable":true,"href":"https:\/\/haberbesiktas.tr\/index.php?rest_route=\/wp\/v2\/users\/1"}],"replies":[{"embeddable":true,"href":"https:\/\/haberbesiktas.tr\/index.php?rest_route=%2Fwp%2Fv2%2Fcomments&post=21546"}],"version-history":[{"count":1,"href":"https:\/\/haberbesiktas.tr\/index.php?rest_route=\/wp\/v2\/posts\/21546\/revisions"}],"predecessor-version":[{"id":21548,"href":"https:\/\/haberbesiktas.tr\/index.php?rest_route=\/wp\/v2\/posts\/21546\/revisions\/21548"}],"wp:featuredmedia":[{"embeddable":true,"href":"https:\/\/haberbesiktas.tr\/index.php?rest_route=\/wp\/v2\/media\/21547"}],"wp:attachment":[{"href":"https:\/\/haberbesiktas.tr\/index.php?rest_route=%2Fwp%2Fv2%2Fmedia&parent=21546"}],"wp:term":[{"taxonomy":"category","embeddable":true,"href":"https:\/\/haberbesiktas.tr\/index.php?rest_route=%2Fwp%2Fv2%2Fcategories&post=21546"},{"taxonomy":"post_tag","embeddable":true,"href":"https:\/\/haberbesiktas.tr\/index.php?rest_route=%2Fwp%2Fv2%2Ftags&post=21546"}],"curies":[{"name":"wp","href":"https:\/\/api.w.org\/{rel}","templated":true}]}}