{"id":21610,"date":"2025-04-20T06:12:05","date_gmt":"2025-04-20T06:12:05","guid":{"rendered":"https:\/\/haberbesiktas.tr\/?p=21610"},"modified":"2025-04-20T06:12:05","modified_gmt":"2025-04-20T06:12:05","slug":"rangerstan-fenerbahce-icin-ilk-yorum-2","status":"publish","type":"post","link":"https:\/\/haberbesiktas.tr\/?p=21610","title":{"rendered":"Rangers&#8217;tan Fenerbah\u00e7e i\u00e7in ilk yorum!"},"content":{"rendered":"<div>Rangers Teknik Y\u00f6neticisi Philippe Clement, bas\u0131n toplant\u0131s\u0131nda a\u00e7\u0131klamalarda bulundu.<\/p>\n<p> Rangers&#8217;\u0131n UEFA Avrupa Ligi son 16 tipinde Fenerbah\u00e7e ile e\u015fle\u015fmesini k\u0131ymetlendiren Clement, <strong>&#8220;\u00c7ok kaliteli bir ekibe ve teknik y\u00f6neticiye kar\u015f\u0131 heyecan verici bir Avrupa kuras\u0131. Futbolcular\u0131n bir\u00e7oklar\u0131n\u0131 tan\u0131yorum. Sahiden g\u00fczel bir ekip ve bizimki \u00fczere tutkulu taraftarlarla dolu bir stadyumda oynuyorlar.&#8221;<\/strong> dedi.<\/p>\n<p> Fenerbah\u00e7e Teknik Y\u00f6neticisi Jose Mourinho ile ilgili de konu\u015fan Clement, <strong>&#8220;Jose Mourinho, pek \u00e7ok \u015fey kazand\u0131. H\u00fcrmet, kazanmakla ilgili ve Mourinho bunu bir\u00e7ok yerde yapt\u0131.&#8221;<\/strong> tabirlerini kulland\u0131.<\/p>\n<p> Fenerbah\u00e7e, son 16 \u00e7e\u015fidi birinci ma\u00e7\u0131n\u0131 6 Mart Per\u015fembe g\u00fcn\u00fc \u0130stanbul&#8217;da, r\u00f6van\u015f\u0131 ise 13 Mart Per\u015fembe g\u00fcn\u00fc deplasmanda yapacak.<\/p>\n<\/div>\n<p><\/p>\n","protected":false},"excerpt":{"rendered":"<p>Rangers Teknik Y\u00f6neticisi Philippe Clement, UEFA Avrupa Ligi&#8217;ndeki Fenerbah\u00e7e e\u015fle\u015fmesi i\u00e7in konu\u015ftu.<\/p>\n","protected":false},"author":1,"featured_media":21611,"comment_status":"open","ping_status":"open","sticky":false,"template":"","format":"standard","meta":{"footnotes":""},"categories":[10],"tags":[],"class_list":["post-21610","post","type-post","status-publish","format-standard","has-post-thumbnail","hentry","category-basketbol"],"_links":{"self":[{"href":"https:\/\/haberbesiktas.tr\/index.php?rest_route=\/wp\/v2\/posts\/21610","targetHints":{"allow":["GET"]}}],"collection":[{"href":"https:\/\/haberbesiktas.tr\/index.php?rest_route=\/wp\/v2\/posts"}],"about":[{"href":"https:\/\/haberbesiktas.tr\/index.php?rest_route=\/wp\/v2\/types\/post"}],"author":[{"embeddable":true,"href":"https:\/\/haberbesiktas.tr\/index.php?rest_route=\/wp\/v2\/users\/1"}],"replies":[{"embeddable":true,"href":"https:\/\/haberbesiktas.tr\/index.php?rest_route=%2Fwp%2Fv2%2Fcomments&post=21610"}],"version-history":[{"count":1,"href":"https:\/\/haberbesiktas.tr\/index.php?rest_route=\/wp\/v2\/posts\/21610\/revisions"}],"predecessor-version":[{"id":21612,"href":"https:\/\/haberbesiktas.tr\/index.php?rest_route=\/wp\/v2\/posts\/21610\/revisions\/21612"}],"wp:featuredmedia":[{"embeddable":true,"href":"https:\/\/haberbesiktas.tr\/index.php?rest_route=\/wp\/v2\/media\/21611"}],"wp:attachment":[{"href":"https:\/\/haberbesiktas.tr\/index.php?rest_route=%2Fwp%2Fv2%2Fmedia&parent=21610"}],"wp:term":[{"taxonomy":"category","embeddable":true,"href":"https:\/\/haberbesiktas.tr\/index.php?rest_route=%2Fwp%2Fv2%2Fcategories&post=21610"},{"taxonomy":"post_tag","embeddable":true,"href":"https:\/\/haberbesiktas.tr\/index.php?rest_route=%2Fwp%2Fv2%2Ftags&post=21610"}],"curies":[{"name":"wp","href":"https:\/\/api.w.org\/{rel}","templated":true}]}}