{"id":21613,"date":"2025-04-20T06:24:05","date_gmt":"2025-04-20T06:24:05","guid":{"rendered":"https:\/\/haberbesiktas.tr\/?p=21613"},"modified":"2025-04-20T06:24:05","modified_gmt":"2025-04-20T06:24:05","slug":"fabregastan-dele-alli-aciklamasi-2","status":"publish","type":"post","link":"https:\/\/haberbesiktas.tr\/?p=21613","title":{"rendered":"Fabregas&#8217;tan Dele Alli a\u00e7\u0131klamas\u0131!"},"content":{"rendered":"<div>Como Teknik Y\u00f6neticisi Cesc Fabregas, ocak ay\u0131nda kontrat imzalanan Dele Alli&#8217;nin durumuyla ilgili konu\u015ftu.<\/p>\n<p> \u0130spanyol teknik adam, <strong>&#8220;Dele Alli, fizik\u00ee olarak tekrar form tutuyor. Aylard\u0131r oynamad\u0131, ona ekstra bask\u0131 yapmak istemiyorum. Son birka\u00e7 haftad\u0131r yapt\u0131\u011f\u0131 ferd\u00ee \u00e7al\u0131\u015fmalar\u0131n\u0131n akabinde pazartesi g\u00fcn\u00fc kadroyla birlikte \u00e7al\u0131\u015facak. Vakte muhta\u00e7l\u0131\u011f\u0131 var. Onunla konu\u015ftum ve kendisine yard\u0131mc\u0131 olmak i\u00e7in burada oldu\u011fumuzu s\u00f6yledim. Bunu yapabilece\u011fimize inan\u0131yoruz.&#8221;<\/strong> dedi.<\/p>\n<p> Como, ekiple deneme idmanlar\u0131na \u00e7\u0131kmas\u0131n\u0131n akabinde ocak ay\u0131nda \u0130ngiliz futbolcuyla kontrat imzalam\u0131\u015ft\u0131.<\/p>\n<p> 2022-2023 d\u00f6neminde Everton&#8217;dan kiral\u0131k olarak Be\u015fikta\u015f formas\u0131 giyen 28 ya\u015f\u0131ndaki futbolcu, siyah-beyazl\u0131larda ya\u015fad\u0131\u011f\u0131 sakatl\u0131\u011f\u0131n (Mart 2023) akabinde alana \u00e7\u0131kamam\u0131\u015ft\u0131.<\/p>\n<\/div>\n<p><\/p>\n","protected":false},"excerpt":{"rendered":"<p>Como Teknik Y\u00f6neticisi Cesc Fabregas, ocak ay\u0131nda mukavele imzalanan Dele Alli&#8217;nin, pazartesi g\u00fcn\u00fc ekiple birlikte \u00e7al\u0131\u015faca\u011f\u0131n\u0131 s\u00f6yledi.<\/p>\n","protected":false},"author":1,"featured_media":21614,"comment_status":"open","ping_status":"open","sticky":false,"template":"","format":"standard","meta":{"footnotes":""},"categories":[10],"tags":[],"class_list":["post-21613","post","type-post","status-publish","format-standard","has-post-thumbnail","hentry","category-basketbol"],"_links":{"self":[{"href":"https:\/\/haberbesiktas.tr\/index.php?rest_route=\/wp\/v2\/posts\/21613","targetHints":{"allow":["GET"]}}],"collection":[{"href":"https:\/\/haberbesiktas.tr\/index.php?rest_route=\/wp\/v2\/posts"}],"about":[{"href":"https:\/\/haberbesiktas.tr\/index.php?rest_route=\/wp\/v2\/types\/post"}],"author":[{"embeddable":true,"href":"https:\/\/haberbesiktas.tr\/index.php?rest_route=\/wp\/v2\/users\/1"}],"replies":[{"embeddable":true,"href":"https:\/\/haberbesiktas.tr\/index.php?rest_route=%2Fwp%2Fv2%2Fcomments&post=21613"}],"version-history":[{"count":1,"href":"https:\/\/haberbesiktas.tr\/index.php?rest_route=\/wp\/v2\/posts\/21613\/revisions"}],"predecessor-version":[{"id":21615,"href":"https:\/\/haberbesiktas.tr\/index.php?rest_route=\/wp\/v2\/posts\/21613\/revisions\/21615"}],"wp:featuredmedia":[{"embeddable":true,"href":"https:\/\/haberbesiktas.tr\/index.php?rest_route=\/wp\/v2\/media\/21614"}],"wp:attachment":[{"href":"https:\/\/haberbesiktas.tr\/index.php?rest_route=%2Fwp%2Fv2%2Fmedia&parent=21613"}],"wp:term":[{"taxonomy":"category","embeddable":true,"href":"https:\/\/haberbesiktas.tr\/index.php?rest_route=%2Fwp%2Fv2%2Fcategories&post=21613"},{"taxonomy":"post_tag","embeddable":true,"href":"https:\/\/haberbesiktas.tr\/index.php?rest_route=%2Fwp%2Fv2%2Ftags&post=21613"}],"curies":[{"name":"wp","href":"https:\/\/api.w.org\/{rel}","templated":true}]}}