{"id":21619,"date":"2025-04-20T06:48:05","date_gmt":"2025-04-20T06:48:05","guid":{"rendered":"https:\/\/haberbesiktas.tr\/?p=21619"},"modified":"2025-04-20T06:48:05","modified_gmt":"2025-04-20T06:48:05","slug":"mete-gazoz-avrupa-salon-okculuk-sampiyonasinda-finale-yukseldi-2","status":"publish","type":"post","link":"https:\/\/haberbesiktas.tr\/?p=21619","title":{"rendered":"Mete Gazoz, Avrupa Salon Ok\u00e7uluk \u015eampiyonas\u0131&#8217;nda finale y\u00fckseldi"},"content":{"rendered":"<div>\u0130lkad\u0131m Ok\u00e7uluk Tesisleri&#8217;ndeki \u015fampiyonas\u0131n\u0131n \u00fc\u00e7\u00fcnc\u00fc g\u00fcn\u00fcnde, 25 \u00fclkeden 300 sportmen yar\u0131 finalde gayret etti.<\/p>\n<p> Tertipte klasik yay kategorisi yar\u0131 final at\u0131\u015flar\u0131nda ulusal ok\u00e7u Mete Gazoz, finale y\u00fckselmeyi ba\u015fard\u0131.<\/p>\n<p> Gazoz, pazar g\u00fcn\u00fc final kar\u015f\u0131la\u015fmalar\u0131nda Moldoval\u0131 sportmen Dan Olaru, Bulgaristanl\u0131 Ivan Banchev ve \u015fampiyonaya &#8220;ba\u011f\u0131ms\u0131z&#8221; kat\u0131lan Yerlen Baldaov&#8217;a kar\u015f\u0131 alt\u0131n madalya i\u00e7in at\u0131\u015f yapacak.<\/p>\n<p> Turnuvada 22 \u015eubat Cumartesi g\u00fcn\u00fc kadro final at\u0131\u015flar\u0131 ger\u00e7ekle\u015ftirilecek.<\/p>\n<\/div>\n<p><\/p>\n","protected":false},"excerpt":{"rendered":"<p>Samsun&#8217;da d\u00fczenlenen Avrupa Salon Ok\u00e7uluk \u015eampiyonas\u0131&#8217;nda yar\u0131 final at\u0131\u015flar\u0131 ger\u00e7ekle\u015ftirildi.<\/p>\n","protected":false},"author":1,"featured_media":21620,"comment_status":"open","ping_status":"open","sticky":false,"template":"","format":"standard","meta":{"footnotes":""},"categories":[10],"tags":[235],"class_list":["post-21619","post","type-post","status-publish","format-standard","has-post-thumbnail","hentry","category-basketbol","tag-final"],"_links":{"self":[{"href":"https:\/\/haberbesiktas.tr\/index.php?rest_route=\/wp\/v2\/posts\/21619","targetHints":{"allow":["GET"]}}],"collection":[{"href":"https:\/\/haberbesiktas.tr\/index.php?rest_route=\/wp\/v2\/posts"}],"about":[{"href":"https:\/\/haberbesiktas.tr\/index.php?rest_route=\/wp\/v2\/types\/post"}],"author":[{"embeddable":true,"href":"https:\/\/haberbesiktas.tr\/index.php?rest_route=\/wp\/v2\/users\/1"}],"replies":[{"embeddable":true,"href":"https:\/\/haberbesiktas.tr\/index.php?rest_route=%2Fwp%2Fv2%2Fcomments&post=21619"}],"version-history":[{"count":1,"href":"https:\/\/haberbesiktas.tr\/index.php?rest_route=\/wp\/v2\/posts\/21619\/revisions"}],"predecessor-version":[{"id":21621,"href":"https:\/\/haberbesiktas.tr\/index.php?rest_route=\/wp\/v2\/posts\/21619\/revisions\/21621"}],"wp:featuredmedia":[{"embeddable":true,"href":"https:\/\/haberbesiktas.tr\/index.php?rest_route=\/wp\/v2\/media\/21620"}],"wp:attachment":[{"href":"https:\/\/haberbesiktas.tr\/index.php?rest_route=%2Fwp%2Fv2%2Fmedia&parent=21619"}],"wp:term":[{"taxonomy":"category","embeddable":true,"href":"https:\/\/haberbesiktas.tr\/index.php?rest_route=%2Fwp%2Fv2%2Fcategories&post=21619"},{"taxonomy":"post_tag","embeddable":true,"href":"https:\/\/haberbesiktas.tr\/index.php?rest_route=%2Fwp%2Fv2%2Ftags&post=21619"}],"curies":[{"name":"wp","href":"https:\/\/api.w.org\/{rel}","templated":true}]}}