{"id":21622,"date":"2025-04-20T07:00:08","date_gmt":"2025-04-20T07:00:08","guid":{"rendered":"https:\/\/haberbesiktas.tr\/?p=21622"},"modified":"2025-04-20T07:00:08","modified_gmt":"2025-04-20T07:00:08","slug":"newcastle-uniteddan-hakan-hamlesi-2","status":"publish","type":"post","link":"https:\/\/haberbesiktas.tr\/?p=21622","title":{"rendered":"Newcastle United&#8217;dan Hakan hamlesi!"},"content":{"rendered":"<div>Inter formas\u0131 giyen Hakan \u00c7alhano\u011flu, transferde Newcastle United&#8217;\u0131 pe\u015fine takt\u0131.<\/p>\n<p><strong>NEWCASTLE HAREKETE GE\u00c7T\u0130<\/strong><\/p>\n<p> TeamTalk&#8217;ta yer alan habere nazaran, Newcastle United, ulusal futbolcu ile ilgileniyor. \u0130ngiliz grubunun, Hakan&#8217;\u0131n transferi i\u00e7in 31 ya\u015f\u0131ndaki futbolcunun ko\u015fullar\u0131n\u0131 ara\u015ft\u0131rmaya ba\u015flad\u0131\u011f\u0131 belirtildi.<\/p>\n<p><strong>BAYERN HALA DEVREDE<\/strong><\/p>\n<p> \u00d6te yandan Hakan \u00c7alhano\u011flu&#8217;nu ge\u00e7ti\u011fimiz yaz transfer periyodunda tak\u0131m\u0131na katmak isteyen Bayern M\u00fcnih&#8217;in de y\u0131ld\u0131z orta saha oyuncusu i\u00e7in hala devrede oldu\u011fu kaydedildi. Alman grubunun, ge\u00e7ti\u011fimiz yaz ger\u00e7ekle\u015fmeyen transferin akabinde ulusal futbolcunun menajeriyle temaslar\u0131n\u0131n devam etti\u011fi yaz\u0131ld\u0131.<\/p>\n<p><strong>S\u00d6ZLE\u015eMES\u0130 VE PERFORMANSI<\/strong><\/p>\n<p> Hakan ile Newcastle United d\u0131\u015f\u0131nda \u0130ngiltere&#8217;den bir tak\u0131m\u0131n daha ilgilendi\u011fi ve 31 ya\u015f\u0131ndaki futbolcu i\u00e7in Suudi Arabistan&#8217;dan da bir kadronun devrede oldu\u011fu \u00f6ne s\u00fcr\u00fcld\u00fc.<\/p>\n<p> Inter ile mukavelesi 2027 y\u0131l\u0131na kadar devam eden Hakan \u00c7alhano\u011flu&#8217;nun yeni piyasa pahas\u0131 40 milyon euro olarak g\u00f6steriliyor.<\/p>\n<p> Inter&#8217;de bu d\u00f6nem 25 ma\u00e7ta m\u00fcddet bulan Hakan \u00c7alhano\u011flu, 6 gol att\u0131 ve 2 asist yapt\u0131.<\/p>\n<\/div>\n<p><\/p>\n","protected":false},"excerpt":{"rendered":"<p>Newcastle United, Inter formas\u0131 giyen Hakan \u00c7alhano\u011flu ile ilgileniyor. \u0130ngiliz grubunun ulusal futbolcunun kaidelerini ara\u015ft\u0131rmaya ba\u015flad\u0131\u011f\u0131 belirtildi.<\/p>\n","protected":false},"author":1,"featured_media":21623,"comment_status":"open","ping_status":"open","sticky":false,"template":"","format":"standard","meta":{"footnotes":""},"categories":[10],"tags":[1951],"class_list":["post-21622","post","type-post","status-publish","format-standard","has-post-thumbnail","hentry","category-basketbol","tag-hakan"],"_links":{"self":[{"href":"https:\/\/haberbesiktas.tr\/index.php?rest_route=\/wp\/v2\/posts\/21622","targetHints":{"allow":["GET"]}}],"collection":[{"href":"https:\/\/haberbesiktas.tr\/index.php?rest_route=\/wp\/v2\/posts"}],"about":[{"href":"https:\/\/haberbesiktas.tr\/index.php?rest_route=\/wp\/v2\/types\/post"}],"author":[{"embeddable":true,"href":"https:\/\/haberbesiktas.tr\/index.php?rest_route=\/wp\/v2\/users\/1"}],"replies":[{"embeddable":true,"href":"https:\/\/haberbesiktas.tr\/index.php?rest_route=%2Fwp%2Fv2%2Fcomments&post=21622"}],"version-history":[{"count":1,"href":"https:\/\/haberbesiktas.tr\/index.php?rest_route=\/wp\/v2\/posts\/21622\/revisions"}],"predecessor-version":[{"id":21624,"href":"https:\/\/haberbesiktas.tr\/index.php?rest_route=\/wp\/v2\/posts\/21622\/revisions\/21624"}],"wp:featuredmedia":[{"embeddable":true,"href":"https:\/\/haberbesiktas.tr\/index.php?rest_route=\/wp\/v2\/media\/21623"}],"wp:attachment":[{"href":"https:\/\/haberbesiktas.tr\/index.php?rest_route=%2Fwp%2Fv2%2Fmedia&parent=21622"}],"wp:term":[{"taxonomy":"category","embeddable":true,"href":"https:\/\/haberbesiktas.tr\/index.php?rest_route=%2Fwp%2Fv2%2Fcategories&post=21622"},{"taxonomy":"post_tag","embeddable":true,"href":"https:\/\/haberbesiktas.tr\/index.php?rest_route=%2Fwp%2Fv2%2Ftags&post=21622"}],"curies":[{"name":"wp","href":"https:\/\/api.w.org\/{rel}","templated":true}]}}