{"id":21631,"date":"2025-04-20T07:36:06","date_gmt":"2025-04-20T07:36:06","guid":{"rendered":"https:\/\/haberbesiktas.tr\/?p=21631"},"modified":"2025-04-20T07:36:06","modified_gmt":"2025-04-20T07:36:06","slug":"kayserispordan-huzurevine-ziyaret-2","status":"publish","type":"post","link":"https:\/\/haberbesiktas.tr\/?p=21631","title":{"rendered":"Kayserispor&#8217;dan huzurevine ziyaret"},"content":{"rendered":"<div>\n<p>Trendyol S\u00fcper Lig gruplar\u0131ndan Bellona Kayserispor&#8217;un teknik grubu ve futbolcular, Hac\u0131 Rukiye Gazio\u011flu Huzurevi&#8217;ni ziyaret etti.<\/p>\n<p> Kul\u00fcb\u00fcn a\u00e7\u0131klamas\u0131na nazaran ziyarette sportif y\u00f6netici Muhammed T\u00fcrkmen, teknik y\u00f6netici Sergej Jakirovic ve kimi futbolcular yer ald\u0131.<\/p>\n<p> Kayserisporlu oyuncular ve teknik grup, huzurevi sakinlerine g\u00fcller verdi ve futbolcular\u0131n imzalad\u0131\u011f\u0131 Kayserispor formas\u0131 ikram etti.<\/p>\n<p> Sar\u0131-k\u0131rm\u0131zl\u0131lar, huzurevi sakinleriyle sohbet etti ve foto\u011fraf \u00e7ektirdi.<\/p>\n<p> \u00a0<\/p>\n<\/div>\n<p><\/p>\n","protected":false},"excerpt":{"rendered":"<p>Kayserispor teknik tak\u0131m\u0131 ve futbolcular\u0131, huzurevi sakinlerini ziyaret etti.<\/p>\n","protected":false},"author":1,"featured_media":21632,"comment_status":"open","ping_status":"open","sticky":false,"template":"","format":"standard","meta":{"footnotes":""},"categories":[10],"tags":[],"class_list":["post-21631","post","type-post","status-publish","format-standard","has-post-thumbnail","hentry","category-basketbol"],"_links":{"self":[{"href":"https:\/\/haberbesiktas.tr\/index.php?rest_route=\/wp\/v2\/posts\/21631","targetHints":{"allow":["GET"]}}],"collection":[{"href":"https:\/\/haberbesiktas.tr\/index.php?rest_route=\/wp\/v2\/posts"}],"about":[{"href":"https:\/\/haberbesiktas.tr\/index.php?rest_route=\/wp\/v2\/types\/post"}],"author":[{"embeddable":true,"href":"https:\/\/haberbesiktas.tr\/index.php?rest_route=\/wp\/v2\/users\/1"}],"replies":[{"embeddable":true,"href":"https:\/\/haberbesiktas.tr\/index.php?rest_route=%2Fwp%2Fv2%2Fcomments&post=21631"}],"version-history":[{"count":1,"href":"https:\/\/haberbesiktas.tr\/index.php?rest_route=\/wp\/v2\/posts\/21631\/revisions"}],"predecessor-version":[{"id":21633,"href":"https:\/\/haberbesiktas.tr\/index.php?rest_route=\/wp\/v2\/posts\/21631\/revisions\/21633"}],"wp:featuredmedia":[{"embeddable":true,"href":"https:\/\/haberbesiktas.tr\/index.php?rest_route=\/wp\/v2\/media\/21632"}],"wp:attachment":[{"href":"https:\/\/haberbesiktas.tr\/index.php?rest_route=%2Fwp%2Fv2%2Fmedia&parent=21631"}],"wp:term":[{"taxonomy":"category","embeddable":true,"href":"https:\/\/haberbesiktas.tr\/index.php?rest_route=%2Fwp%2Fv2%2Fcategories&post=21631"},{"taxonomy":"post_tag","embeddable":true,"href":"https:\/\/haberbesiktas.tr\/index.php?rest_route=%2Fwp%2Fv2%2Ftags&post=21631"}],"curies":[{"name":"wp","href":"https:\/\/api.w.org\/{rel}","templated":true}]}}