{"id":21634,"date":"2025-04-20T08:00:06","date_gmt":"2025-04-20T08:00:06","guid":{"rendered":"https:\/\/haberbesiktas.tr\/?p=21634"},"modified":"2025-04-20T08:00:06","modified_gmt":"2025-04-20T08:00:06","slug":"raskin-fenerbahceden-korkmuyoruz-2","status":"publish","type":"post","link":"https:\/\/haberbesiktas.tr\/?p=21634","title":{"rendered":"Raskin: &#8220;Fenerbah\u00e7e&#8217;den korkmuyoruz&#8221;"},"content":{"rendered":"<div>Rangers formas\u0131 giyen Nicolas Raskin, UEFA Avrupa Ligi son 16 cinsindeki Fenerbah\u00e7e e\u015fle\u015fmesini k\u0131ymetlendirdi.<\/p>\n<p><strong>&#8220;G\u00dcZEL B\u0130R E\u015eLE\u015eME&#8221;<\/strong><\/p>\n<p> Raskin,<strong> &#8220;Heyecan verici olacak. Anderlecht ile oynad\u0131klar\u0131 iki ma\u00e7\u0131 izledim. Fenerbah\u00e7e, \u00e7ok \u00e2l\u00e2 oyunculara sahip \u00fcst seviye bir kadro. Pres yapmay\u0131 seviyorlar ve oradaki atmosfer sahiden \u00e2l\u00e2 g\u00f6r\u00fcn\u00fcyor lakin Ibrox&#8217;taki atmosfer de her vakit m\u00fckemmeldir. Bu y\u00fczden ho\u015f bir e\u015fle\u015fme olacak.<\/strong>&#8221; tabirlerini kulland\u0131.<\/p>\n<p><strong>T\u00dcRK\u0130YE&#8217;DEK\u0130 ATMOSFER<\/strong><\/p>\n<p> T\u00fcrkiye&#8217;deki atmosferler ilgili gelen soruya kar\u015f\u0131l\u0131k veren Raskin,<strong> &#8220;Daha evvel T\u00fcrkiye&#8217;de hi\u00e7 oynamad\u0131m. Bu nedenle ho\u015f olacak. Oradaki atmosferin sert oldu\u011fu biliniyor. Birinci ma\u00e7 T\u00fcrkiye&#8217;de ve s\u0131k\u0131nt\u0131 bir ma\u00e7 olacak ancak \u015fayet g\u00fczel bir \u015feyler yapabilirsek Ibrox&#8217;a \u00e2l\u00e2 bir formda d\u00f6nebiliriz. Bu d\u00f6nem Olympiakos&#8217;la oynad\u0131k ve bu ma\u00e7 bize yard\u0131mc\u0131 olabilir lakin T\u00fcrkiye&#8217;deki atmosfer farkl\u0131 olacak. Bu yaln\u0131zca bir futbol ma\u00e7\u0131. Daha evvel de b\u00fcy\u00fck, de\u011ferli atmosferlerde oynad\u0131k. M\u00fcnasebetiyle bu durum bize yard\u0131mc\u0131 olacak.<\/strong>&#8221; s\u00f6zlerini kulland\u0131.<\/p>\n<p><strong>&#8220;K\u0130MSEDEN KORKMUYORUZ&#8221;<\/strong><\/p>\n<p> Fenerbah\u00e7e kar\u015f\u0131s\u0131nda kazanmak istediklerini s\u00f6yleyen 23 ya\u015f\u0131ndaki orta saha oyuncusu,<strong> &#8220;Her vakit inanc\u0131m\u0131z var ve ne yapmam\u0131z gerekti\u011fini biliyoruz. Kimseden korkmuyoruz. Bu y\u00fczden ma\u00e7 ma\u00e7 bakaca\u011f\u0131z ve kazanmaya \u00e7al\u0131\u015faca\u011f\u0131z.&#8221;<\/strong> tabirlerini kulland\u0131.<\/p>\n<p><strong>JOSE MOURINHO<\/strong><\/p>\n<p> Fenerbah\u00e7e Teknik Y\u00f6neticisi Jose Mourinho ile ilgili de g\u00f6r\u00fc\u015flerini aktaran Raskin, <strong>&#8220;Televizyonda izledi\u011finiz birini g\u00f6rmek ho\u015f olacak lakin alanda yedek kul\u00fcbesine ya da \u00f6teki bir \u015feye bakm\u0131yorsunuz. Jose&#8217;nin ekiplerinin bilhassa Avrupa&#8217;da ba\u015far\u0131l\u0131 oldu\u011funu hat\u0131rl\u0131yorum. Bu y\u00fczden enteresan olacak.&#8221;<\/strong> kelamlar\u0131n\u0131 sarf etti.<\/p>\n<\/div>\n<p><\/p>\n","protected":false},"excerpt":{"rendered":"<p>Rangers formas\u0131 giyen Nicolas Raskin, Avrupa Ligi&#8217;ndeki Fenerbah\u00e7e e\u015fle\u015fmesini k\u0131ymetlendirdi.<\/p>\n","protected":false},"author":1,"featured_media":21635,"comment_status":"open","ping_status":"open","sticky":false,"template":"","format":"standard","meta":{"footnotes":""},"categories":[10],"tags":[1078,50,458,2079],"class_list":["post-21634","post","type-post","status-publish","format-standard","has-post-thumbnail","hentry","category-basketbol","tag-atmosfer","tag-mac","tag-olacak","tag-turkiyede"],"_links":{"self":[{"href":"https:\/\/haberbesiktas.tr\/index.php?rest_route=\/wp\/v2\/posts\/21634","targetHints":{"allow":["GET"]}}],"collection":[{"href":"https:\/\/haberbesiktas.tr\/index.php?rest_route=\/wp\/v2\/posts"}],"about":[{"href":"https:\/\/haberbesiktas.tr\/index.php?rest_route=\/wp\/v2\/types\/post"}],"author":[{"embeddable":true,"href":"https:\/\/haberbesiktas.tr\/index.php?rest_route=\/wp\/v2\/users\/1"}],"replies":[{"embeddable":true,"href":"https:\/\/haberbesiktas.tr\/index.php?rest_route=%2Fwp%2Fv2%2Fcomments&post=21634"}],"version-history":[{"count":1,"href":"https:\/\/haberbesiktas.tr\/index.php?rest_route=\/wp\/v2\/posts\/21634\/revisions"}],"predecessor-version":[{"id":21636,"href":"https:\/\/haberbesiktas.tr\/index.php?rest_route=\/wp\/v2\/posts\/21634\/revisions\/21636"}],"wp:featuredmedia":[{"embeddable":true,"href":"https:\/\/haberbesiktas.tr\/index.php?rest_route=\/wp\/v2\/media\/21635"}],"wp:attachment":[{"href":"https:\/\/haberbesiktas.tr\/index.php?rest_route=%2Fwp%2Fv2%2Fmedia&parent=21634"}],"wp:term":[{"taxonomy":"category","embeddable":true,"href":"https:\/\/haberbesiktas.tr\/index.php?rest_route=%2Fwp%2Fv2%2Fcategories&post=21634"},{"taxonomy":"post_tag","embeddable":true,"href":"https:\/\/haberbesiktas.tr\/index.php?rest_route=%2Fwp%2Fv2%2Ftags&post=21634"}],"curies":[{"name":"wp","href":"https:\/\/api.w.org\/{rel}","templated":true}]}}