{"id":21642,"date":"2025-04-20T08:24:06","date_gmt":"2025-04-20T08:24:06","guid":{"rendered":"https:\/\/haberbesiktas.tr\/?p=21642"},"modified":"2025-04-20T08:24:06","modified_gmt":"2025-04-20T08:24:06","slug":"besiktasta-yeniler-yedek-kaldi-2","status":"publish","type":"post","link":"https:\/\/haberbesiktas.tr\/?p=21642","title":{"rendered":"Be\u015fikta\u015f&#8217;ta yeniler yedek kald\u0131!"},"content":{"rendered":"<div>S\u00fcper Lig&#8217;de Ey\u00fcpspor ile kar\u015f\u0131la\u015fan Be\u015fikta\u015f&#8217;ta birinci 11 muhakkak oldu.<\/p>\n<p> Be\u015fikta\u015f&#8217;ta devre ortas\u0131 transfer edilen Keny Arroyo ve Elan Ricardo, Ey\u00fcpspor ma\u00e7\u0131nda yedek kald\u0131.<\/p>\n<p> Be\u015fikta\u015f Teknik Y\u00f6neticisi Ole Gunnar Solskjaer, ge\u00e7ti\u011fimiz hafta oynanan Trabzonspor ma\u00e7\u0131nda da iki isme m\u00fchlet vermemi\u015fti.<\/p>\n<p> <strong>\u0130\u015fte Be\u015fikta\u015f&#8217;\u0131n Ey\u00fcpspor ma\u00e7\u0131ndaki birinci 11&#8217;i:<\/p>\n<p><img decoding=\"async\" src=\"https:\/\/haberbesiktas.tr\/wp-content\/uploads\/2025\/04\/besiktasta-yeniler-yedek-kaldi-0-BP9lzLnW.jpg\"\/><br \/><\/strong><\/p>\n<\/div>\n<p><\/p>\n","protected":false},"excerpt":{"rendered":"<p>Be\u015fikta\u015f Teknik Y\u00f6neticisi Ole Gunnar Solskjaer, yeni transferler Keny Arroyo ve Elan Ricardo&#8217;ya Ey\u00fcpspor ma\u00e7\u0131nda forma vermedi.<\/p>\n","protected":false},"author":1,"featured_media":21643,"comment_status":"open","ping_status":"open","sticky":false,"template":"","format":"standard","meta":{"footnotes":""},"categories":[10],"tags":[],"class_list":["post-21642","post","type-post","status-publish","format-standard","has-post-thumbnail","hentry","category-basketbol"],"_links":{"self":[{"href":"https:\/\/haberbesiktas.tr\/index.php?rest_route=\/wp\/v2\/posts\/21642","targetHints":{"allow":["GET"]}}],"collection":[{"href":"https:\/\/haberbesiktas.tr\/index.php?rest_route=\/wp\/v2\/posts"}],"about":[{"href":"https:\/\/haberbesiktas.tr\/index.php?rest_route=\/wp\/v2\/types\/post"}],"author":[{"embeddable":true,"href":"https:\/\/haberbesiktas.tr\/index.php?rest_route=\/wp\/v2\/users\/1"}],"replies":[{"embeddable":true,"href":"https:\/\/haberbesiktas.tr\/index.php?rest_route=%2Fwp%2Fv2%2Fcomments&post=21642"}],"version-history":[{"count":1,"href":"https:\/\/haberbesiktas.tr\/index.php?rest_route=\/wp\/v2\/posts\/21642\/revisions"}],"predecessor-version":[{"id":21645,"href":"https:\/\/haberbesiktas.tr\/index.php?rest_route=\/wp\/v2\/posts\/21642\/revisions\/21645"}],"wp:featuredmedia":[{"embeddable":true,"href":"https:\/\/haberbesiktas.tr\/index.php?rest_route=\/wp\/v2\/media\/21643"}],"wp:attachment":[{"href":"https:\/\/haberbesiktas.tr\/index.php?rest_route=%2Fwp%2Fv2%2Fmedia&parent=21642"}],"wp:term":[{"taxonomy":"category","embeddable":true,"href":"https:\/\/haberbesiktas.tr\/index.php?rest_route=%2Fwp%2Fv2%2Fcategories&post=21642"},{"taxonomy":"post_tag","embeddable":true,"href":"https:\/\/haberbesiktas.tr\/index.php?rest_route=%2Fwp%2Fv2%2Ftags&post=21642"}],"curies":[{"name":"wp","href":"https:\/\/api.w.org\/{rel}","templated":true}]}}