{"id":21652,"date":"2025-04-20T09:00:07","date_gmt":"2025-04-20T09:00:07","guid":{"rendered":"https:\/\/haberbesiktas.tr\/?p=21652"},"modified":"2025-04-20T09:00:07","modified_gmt":"2025-04-20T09:00:07","slug":"galatasaray-tribunlerinden-celtice-filistin-tesekkuru-2","status":"publish","type":"post","link":"https:\/\/haberbesiktas.tr\/?p=21652","title":{"rendered":"Galatasaray trib\u00fcnlerinden Celtic&#8217;e Filistin te\u015fekk\u00fcr\u00fc!"},"content":{"rendered":"<div>\n<p>\u00a0\u0130sko\u00e7 kadrosu Celtic&#8217;in taraftar k\u00fcmesi, Galatasaray trib\u00fcnlerinde Filistin pankartlar\u0131n\u0131n yer ald\u0131\u011f\u0131 foto\u011fraflar\u0131<strong> &#8220;Galatasaray&#8217;\u0131n UEFA Avrupa Ligi ma\u00e7\u0131nda g\u00fc\u00e7l\u00fc tablo&#8221;<\/strong> notuyla payla\u015ft\u0131.\u00a0<\/p>\n<p> Celtic&#8217;in &#8220;Ye\u015fil Tugay&#8221; (Green Brigade) taraftar k\u00fcmesinin toplumsal medya hesab\u0131ndan yapt\u0131\u011f\u0131 payla\u015f\u0131mda, Galatasaray&#8217;\u0131n UEFA Avrupa Ligi play-off tipi r\u00f6van\u015f\u0131nda d\u00fcn Hollanda tak\u0131m\u0131 AZ Alkmaar&#8217;\u0131 Ali Sami Yen Spor Kompleksi RAMS Park Stad\u0131&#8217;nda konuk etti\u011fi ma\u00e7ta trib\u00fcnlerde yer alan Filistin pankartlar\u0131n\u0131n foto\u011fraflar\u0131na yer verilerek <strong>&#8220;Galatasaray&#8217;\u0131n UEFA Avrupa Ligi ma\u00e7\u0131nda UltrAslan taraftar k\u00fcmesinden g\u00fc\u00e7l\u00fc tablo.&#8221;<\/strong> denildi.<\/p>\n<p> Galatasaray&#8217;\u0131n yakla\u015f\u0131k 45 bin taraftar\u0131n\u0131n trib\u00fcnden destekledi\u011fi AZ Alkmaar m\u00fcsabakas\u0131nda sar\u0131-k\u0131rm\u0131z\u0131l\u0131 taraftarlar, &#8220;Filistin&#8217;e olan sars\u0131lmaz dayanaklar\u0131ndan \u00f6t\u00fcr\u00fc Celtic taraftarlar\u0131na te\u015fekk\u00fcr ediyoruz&#8221;, <strong>&#8220;Filistin \u00f6zg\u00fcr de\u011filse d\u00fcnya esirdir&#8221;<\/strong> ve <strong>&#8220;Filistin&#8217;deki soyk\u0131r\u0131m\u0131 durdurun&#8221;<\/strong> tabirlerinin yer ald\u0131\u011f\u0131 pankartlar a\u00e7m\u0131\u015ft\u0131.<\/p>\n<p><img decoding=\"async\" src=\"https:\/\/haberbesiktas.tr\/wp-content\/uploads\/2025\/04\/galatasaray-tribunlerinden-celtice-filistin-tesekkuru-0-mCMiBYSx.jpg\"\/><\/p>\n<\/div>\n<p><\/p>\n","protected":false},"excerpt":{"rendered":"<p>\u0130sko\u00e7ya&#8217;n\u0131n Celtic grubunun taraftar k\u00fcmesi, RAMS Park&#8217;taki trib\u00fcnlerde yer alan Filistin pankartlar\u0131n\u0131n foto\u011fraflar\u0131n\u0131 &#8220;Galatasaray&#8217;\u0131n UEFA Avrupa Ligi ma\u00e7\u0131nda UltrAslan taraftar k\u00fcmesinden g\u00fc\u00e7l\u00fc tablo&#8221; notuyla payla\u015ft\u0131.<\/p>\n","protected":false},"author":1,"featured_media":21653,"comment_status":"open","ping_status":"open","sticky":false,"template":"","format":"standard","meta":{"footnotes":""},"categories":[10],"tags":[965,129,504],"class_list":["post-21652","post","type-post","status-publish","format-standard","has-post-thumbnail","hentry","category-basketbol","tag-filistin","tag-galatasaray","tag-taraftar"],"_links":{"self":[{"href":"https:\/\/haberbesiktas.tr\/index.php?rest_route=\/wp\/v2\/posts\/21652","targetHints":{"allow":["GET"]}}],"collection":[{"href":"https:\/\/haberbesiktas.tr\/index.php?rest_route=\/wp\/v2\/posts"}],"about":[{"href":"https:\/\/haberbesiktas.tr\/index.php?rest_route=\/wp\/v2\/types\/post"}],"author":[{"embeddable":true,"href":"https:\/\/haberbesiktas.tr\/index.php?rest_route=\/wp\/v2\/users\/1"}],"replies":[{"embeddable":true,"href":"https:\/\/haberbesiktas.tr\/index.php?rest_route=%2Fwp%2Fv2%2Fcomments&post=21652"}],"version-history":[{"count":1,"href":"https:\/\/haberbesiktas.tr\/index.php?rest_route=\/wp\/v2\/posts\/21652\/revisions"}],"predecessor-version":[{"id":21655,"href":"https:\/\/haberbesiktas.tr\/index.php?rest_route=\/wp\/v2\/posts\/21652\/revisions\/21655"}],"wp:featuredmedia":[{"embeddable":true,"href":"https:\/\/haberbesiktas.tr\/index.php?rest_route=\/wp\/v2\/media\/21653"}],"wp:attachment":[{"href":"https:\/\/haberbesiktas.tr\/index.php?rest_route=%2Fwp%2Fv2%2Fmedia&parent=21652"}],"wp:term":[{"taxonomy":"category","embeddable":true,"href":"https:\/\/haberbesiktas.tr\/index.php?rest_route=%2Fwp%2Fv2%2Fcategories&post=21652"},{"taxonomy":"post_tag","embeddable":true,"href":"https:\/\/haberbesiktas.tr\/index.php?rest_route=%2Fwp%2Fv2%2Ftags&post=21652"}],"curies":[{"name":"wp","href":"https:\/\/api.w.org\/{rel}","templated":true}]}}