{"id":21656,"date":"2025-04-20T09:12:06","date_gmt":"2025-04-20T09:12:06","guid":{"rendered":"https:\/\/haberbesiktas.tr\/?p=21656"},"modified":"2025-04-20T09:12:06","modified_gmt":"2025-04-20T09:12:06","slug":"solskjaerden-sakatlik-aciklamasi-2","status":"publish","type":"post","link":"https:\/\/haberbesiktas.tr\/?p=21656","title":{"rendered":"Solskjaer&#8217;den sakatl\u0131k a\u00e7\u0131klamas\u0131!"},"content":{"rendered":"<div>Be\u015fikta\u015f Teknik Y\u00f6neticisi Ole Gunnar Solskjaer, Ey\u00fcpspor ma\u00e7\u0131 \u00f6ncesi a\u00e7\u0131klamalarda bulundu.<\/p>\n<p> Solskjaer, <strong>&#8220;Ey\u00fcpspor, \u00e7ok \u00e2l\u00e2 bir ekip. G\u00fcc\u00fc olan bir grup ve alan\u0131nda d\u00fczg\u00fcn oynuyor. G\u00fczel haz\u0131rland\u0131k. Saha ko\u015fullar\u0131 g\u00fc\u00e7l\u00fc, Norve\u00e7&#8217;e benziyor fakat haz\u0131rl\u0131klar\u0131m\u0131z\u0131 yapt\u0131k. Sava\u015fmaya haz\u0131r\u0131z. Oynamak istiyoruz. Son 3 ma\u00e7ta d\u00fczg\u00fcn sonu\u00e7lar ald\u0131k. \u00d6z inan\u00e7l\u0131 ve uygun bir durumday\u0131z.&#8221;<\/strong> dedi.<\/p>\n<p> Solskjaer, Emirhan Top\u00e7u ve Ernest Mu\u00e7i&#8217;nin tak\u0131mda olmamas\u0131yla ilgili, <strong>&#8220;Ufak kas sakatl\u0131klar\u0131 oldu\u011fu i\u00e7in tak\u0131mda yoklar. Bug\u00fcn burada olmalar\u0131n\u0131 istedik ancak sakatl\u0131klar\u0131 nedeniyle yoklar. Umar\u0131m gelecek hafta haz\u0131r olacaklar. Onlar\u0131n yerine oynayacak oyuncular da haz\u0131r.&#8221;<\/strong> kelamlar\u0131n\u0131 kulland\u0131.<\/p>\n<\/div>\n<p><\/p>\n","protected":false},"excerpt":{"rendered":"<p>Be\u015fikta\u015f Teknik Y\u00f6neticisi Ole Gunnar Solskjaer, Ey\u00fcpspor ma\u00e7\u0131 \u00f6ncesi konu\u015ftu.<\/p>\n","protected":false},"author":1,"featured_media":21657,"comment_status":"open","ping_status":"open","sticky":false,"template":"","format":"standard","meta":{"footnotes":""},"categories":[10],"tags":[466],"class_list":["post-21656","post","type-post","status-publish","format-standard","has-post-thumbnail","hentry","category-basketbol","tag-hazir"],"_links":{"self":[{"href":"https:\/\/haberbesiktas.tr\/index.php?rest_route=\/wp\/v2\/posts\/21656","targetHints":{"allow":["GET"]}}],"collection":[{"href":"https:\/\/haberbesiktas.tr\/index.php?rest_route=\/wp\/v2\/posts"}],"about":[{"href":"https:\/\/haberbesiktas.tr\/index.php?rest_route=\/wp\/v2\/types\/post"}],"author":[{"embeddable":true,"href":"https:\/\/haberbesiktas.tr\/index.php?rest_route=\/wp\/v2\/users\/1"}],"replies":[{"embeddable":true,"href":"https:\/\/haberbesiktas.tr\/index.php?rest_route=%2Fwp%2Fv2%2Fcomments&post=21656"}],"version-history":[{"count":1,"href":"https:\/\/haberbesiktas.tr\/index.php?rest_route=\/wp\/v2\/posts\/21656\/revisions"}],"predecessor-version":[{"id":21658,"href":"https:\/\/haberbesiktas.tr\/index.php?rest_route=\/wp\/v2\/posts\/21656\/revisions\/21658"}],"wp:featuredmedia":[{"embeddable":true,"href":"https:\/\/haberbesiktas.tr\/index.php?rest_route=\/wp\/v2\/media\/21657"}],"wp:attachment":[{"href":"https:\/\/haberbesiktas.tr\/index.php?rest_route=%2Fwp%2Fv2%2Fmedia&parent=21656"}],"wp:term":[{"taxonomy":"category","embeddable":true,"href":"https:\/\/haberbesiktas.tr\/index.php?rest_route=%2Fwp%2Fv2%2Fcategories&post=21656"},{"taxonomy":"post_tag","embeddable":true,"href":"https:\/\/haberbesiktas.tr\/index.php?rest_route=%2Fwp%2Fv2%2Ftags&post=21656"}],"curies":[{"name":"wp","href":"https:\/\/api.w.org\/{rel}","templated":true}]}}