{"id":21715,"date":"2025-04-20T13:24:06","date_gmt":"2025-04-20T13:24:06","guid":{"rendered":"https:\/\/haberbesiktas.tr\/?p=21715"},"modified":"2025-04-20T13:24:06","modified_gmt":"2025-04-20T13:24:06","slug":"turkiye-karate-sampiyonasi-trabzonda-basladi-3","status":"publish","type":"post","link":"https:\/\/haberbesiktas.tr\/?p=21715","title":{"rendered":"T\u00fcrkiye Karate \u015eampiyonas\u0131 Trabzon&#8217;da ba\u015flad\u0131"},"content":{"rendered":"<div>\n<p>2025 T\u00fcrkiye Karate \u015eampiyonas\u0131, 599 atletin i\u015ftirakiyle Trabzon&#8217;da ba\u015flad\u0131.<\/p>\n<p> Trabzon Valisi Aziz Y\u0131ld\u0131r\u0131m, Be\u015firli \u00c7ok Emelli Spor Salonu&#8217;ndaki \u015fampiyonan\u0131n a\u00e7\u0131l\u0131\u015f merasiminde yapt\u0131\u011f\u0131 konu\u015fmada sporun ve atletin de\u011ferine de\u011findi.<\/p>\n<p> B\u00fcy\u00fck\u015fehir Belediye Ba\u015fkan\u0131 Ahmet Metin Gen\u00e7, Trabzon&#8217;da ferd\u00ee ve ekip sporlar\u0131n\u0131n yap\u0131ld\u0131\u011f\u0131na i\u015faret etti.<\/p>\n<p> Gen\u00e7lik ve Spor Vilayet M\u00fcd\u00fcr\u00fc Lokman Ar\u0131c\u0131o\u011flu, \u015fampiyonada 44 vilayetten 599 atletin b\u00fcy\u00fckler, i\u015fitme engelliler, para karate ve veteranlar kategorilerinde u\u011fra\u015f edece\u011fi bilgilerini verdi.<\/p>\n<p> Federasyonu ba\u015fkan\u0131 Erc\u00fcment Ta\u015fdemir de Cumhurba\u015fkan\u0131 Recep Tayyip Erdo\u011fan ile Gen\u00e7lik ve Spor Bakan\u0131 Osman A\u015fk\u0131n Bak&#8217;\u0131n takviyeleriyle tertipleri T\u00fcrkiye&#8217;nin her yerinde ger\u00e7ekle\u015ftirdiklerini lisana getirdi.<\/p>\n<p> Vali Y\u0131ld\u0131r\u0131m, B\u00fcy\u00fck\u015fehir Belediye Ba\u015fkan\u0131 Gen\u00e7 ve Ar\u0131c\u0131o\u011flu ile \u015fampiyonaya dayanak verenlere plaket takdim etti.<\/p>\n<p> Mehteran ekibi, horon ve kolbast\u0131 gruplar\u0131n\u0131n sahne ald\u0131\u011f\u0131 a\u00e7\u0131l\u0131\u015f merasimi, sportmenlerin \u015fovlar\u0131yla tamamland\u0131.\u00a0<\/p>\n<p> \u015eampiyona, 23 \u015eubat Pazar g\u00fcn\u00fc sona erecek.<\/p>\n<\/div>\n<p><\/p>\n","protected":false},"excerpt":{"rendered":"<p>Trabzon&#8217;da 599 atletin i\u015ftirakiyle d\u00fczenlenen karate \u015fampiyonas\u0131, mehteran ve horon \u015fovlar\u0131yla a\u00e7\u0131ld\u0131.<\/p>\n","protected":false},"author":1,"featured_media":21716,"comment_status":"open","ping_status":"open","sticky":false,"template":"","format":"standard","meta":{"footnotes":""},"categories":[10],"tags":[65],"class_list":["post-21715","post","type-post","status-publish","format-standard","has-post-thumbnail","hentry","category-basketbol","tag-spor"],"_links":{"self":[{"href":"https:\/\/haberbesiktas.tr\/index.php?rest_route=\/wp\/v2\/posts\/21715","targetHints":{"allow":["GET"]}}],"collection":[{"href":"https:\/\/haberbesiktas.tr\/index.php?rest_route=\/wp\/v2\/posts"}],"about":[{"href":"https:\/\/haberbesiktas.tr\/index.php?rest_route=\/wp\/v2\/types\/post"}],"author":[{"embeddable":true,"href":"https:\/\/haberbesiktas.tr\/index.php?rest_route=\/wp\/v2\/users\/1"}],"replies":[{"embeddable":true,"href":"https:\/\/haberbesiktas.tr\/index.php?rest_route=%2Fwp%2Fv2%2Fcomments&post=21715"}],"version-history":[{"count":1,"href":"https:\/\/haberbesiktas.tr\/index.php?rest_route=\/wp\/v2\/posts\/21715\/revisions"}],"predecessor-version":[{"id":21717,"href":"https:\/\/haberbesiktas.tr\/index.php?rest_route=\/wp\/v2\/posts\/21715\/revisions\/21717"}],"wp:featuredmedia":[{"embeddable":true,"href":"https:\/\/haberbesiktas.tr\/index.php?rest_route=\/wp\/v2\/media\/21716"}],"wp:attachment":[{"href":"https:\/\/haberbesiktas.tr\/index.php?rest_route=%2Fwp%2Fv2%2Fmedia&parent=21715"}],"wp:term":[{"taxonomy":"category","embeddable":true,"href":"https:\/\/haberbesiktas.tr\/index.php?rest_route=%2Fwp%2Fv2%2Fcategories&post=21715"},{"taxonomy":"post_tag","embeddable":true,"href":"https:\/\/haberbesiktas.tr\/index.php?rest_route=%2Fwp%2Fv2%2Ftags&post=21715"}],"curies":[{"name":"wp","href":"https:\/\/api.w.org\/{rel}","templated":true}]}}