{"id":21748,"date":"2025-04-20T15:24:05","date_gmt":"2025-04-20T15:24:05","guid":{"rendered":"https:\/\/haberbesiktas.tr\/?p=21748"},"modified":"2025-04-20T15:24:05","modified_gmt":"2025-04-20T15:24:05","slug":"berke-ozer-icin-aciklama-yuzde-20-payi-aldik","status":"publish","type":"post","link":"https:\/\/haberbesiktas.tr\/?p=21748","title":{"rendered":"Berke \u00d6zer i\u00e7in a\u00e7\u0131klama; &#8220;Y\u00fczde 20 pay\u0131 ald\u0131k&#8221;"},"content":{"rendered":"<div>Eyu\u0308pspor Asbas\u0327kan\u0131 Fatih Kulaks\u0131z, ba\u015far\u0131l\u0131 kaleci Berke \u00d6zer&#8217;in bonservisi hakk\u0131nda a\u00e7\u0131klamalarda bulundu.<\/p>\n<p> Berke \u00d6zer&#8217;in Portekiz grubu Portimonense kulu\u0308bu\u0308nde olan haklar\u0131n\u0131 ald\u0131klar\u0131n\u0131 duyuran Fatih Kulaks\u0131z &#8220;<strong>Berke, Eyu\u0308pspor&#8217;un so\u0308zles\u0327meli oyuncusu. Du\u0308n prestijiyle Portimonense kulu\u0308bu\u0308nu\u0308n yu\u0308zde 20 hissesi, sonraki sat\u0131s\u0327tan hissesi vard\u0131. Onlarla anlas\u0327t\u0131k ve o yu\u0308zde 20 hissesi da ald\u0131k. S\u0327u an Berke&#8217;nin yu\u0308zde 60&#8217;\u0131 Eyu\u0308pspor&#8217;da, yu\u0308zde 40&#8217;\u0131 da Fenerbahc\u0327e&#8217;de.<\/strong>&#8221; a\u00e7\u0131klamas\u0131n\u0131 yapt\u0131.<\/p>\n<p> Fatih Kulaks\u0131z, Berke \u00d6zer&#8217;in gelece\u011fiyle ilgili olarak &#8220;<strong>Sezon sonunda menfaatimiz dog\u0306rultusunda bir teklif gelirse deg\u0306erlendireceg\u0306iz<\/strong>.&#8221; s\u00f6zlerini kulland\u0131.<\/p>\n<\/div>\n<p><\/p>\n","protected":false},"excerpt":{"rendered":"<p>D\u00f6nem sonunda b\u00fcy\u00fck gruplara transferi konu\u015fulan Berke \u00d6zer i\u00e7in Ey\u00fcpspor&#8217;dan a\u00e7\u0131klama geldi.<\/p>\n","protected":false},"author":1,"featured_media":21749,"comment_status":"open","ping_status":"open","sticky":false,"template":"","format":"standard","meta":{"footnotes":""},"categories":[10],"tags":[1018],"class_list":["post-21748","post","type-post","status-publish","format-standard","has-post-thumbnail","hentry","category-basketbol","tag-berke"],"_links":{"self":[{"href":"https:\/\/haberbesiktas.tr\/index.php?rest_route=\/wp\/v2\/posts\/21748","targetHints":{"allow":["GET"]}}],"collection":[{"href":"https:\/\/haberbesiktas.tr\/index.php?rest_route=\/wp\/v2\/posts"}],"about":[{"href":"https:\/\/haberbesiktas.tr\/index.php?rest_route=\/wp\/v2\/types\/post"}],"author":[{"embeddable":true,"href":"https:\/\/haberbesiktas.tr\/index.php?rest_route=\/wp\/v2\/users\/1"}],"replies":[{"embeddable":true,"href":"https:\/\/haberbesiktas.tr\/index.php?rest_route=%2Fwp%2Fv2%2Fcomments&post=21748"}],"version-history":[{"count":1,"href":"https:\/\/haberbesiktas.tr\/index.php?rest_route=\/wp\/v2\/posts\/21748\/revisions"}],"predecessor-version":[{"id":21750,"href":"https:\/\/haberbesiktas.tr\/index.php?rest_route=\/wp\/v2\/posts\/21748\/revisions\/21750"}],"wp:featuredmedia":[{"embeddable":true,"href":"https:\/\/haberbesiktas.tr\/index.php?rest_route=\/wp\/v2\/media\/21749"}],"wp:attachment":[{"href":"https:\/\/haberbesiktas.tr\/index.php?rest_route=%2Fwp%2Fv2%2Fmedia&parent=21748"}],"wp:term":[{"taxonomy":"category","embeddable":true,"href":"https:\/\/haberbesiktas.tr\/index.php?rest_route=%2Fwp%2Fv2%2Fcategories&post=21748"},{"taxonomy":"post_tag","embeddable":true,"href":"https:\/\/haberbesiktas.tr\/index.php?rest_route=%2Fwp%2Fv2%2Ftags&post=21748"}],"curies":[{"name":"wp","href":"https:\/\/api.w.org\/{rel}","templated":true}]}}