{"id":21885,"date":"2025-04-21T00:24:05","date_gmt":"2025-04-21T00:24:05","guid":{"rendered":"https:\/\/haberbesiktas.tr\/?p=21885"},"modified":"2025-04-21T00:24:05","modified_gmt":"2025-04-21T00:24:05","slug":"karsiyakaya-nazim-torbaoglu-destegi","status":"publish","type":"post","link":"https:\/\/haberbesiktas.tr\/?p=21885","title":{"rendered":"Kar\u015f\u0131yaka&#8217;ya Naz\u0131m Torbao\u011flu deste\u011fi"},"content":{"rendered":"<div>3&#8217;\u00fcnc\u00fc Lig 1&#8217;inci K\u00fcme&#8217;de aylard\u0131r ya\u015fad\u0131\u011f\u0131 krizlere kar\u015f\u0131n \u015fampiyonluk yar\u0131\u015f\u0131n\u0131 b\u0131rakmayan Kar\u015f\u0131yaka&#8217;ya toplulu\u011fun k\u0131ymetli isimlerinden Naz\u0131m Torbao\u011flu&#8217;ndan takviye geldi. Futbol \u015eube Ba\u015fkan\u0131 Ayhan G\u00fcltekin&#8217;le g\u00f6r\u00fc\u015fen Torbao\u011flu, futbol ekibinin 9 Mart&#8217;ta Tokat Belediyesi Plevnespor&#8217;la oynayaca\u011f\u0131 deplasman ma\u00e7\u0131n\u0131n t\u00fcm u\u00e7ak, konaklama, ula\u015f\u0131m ve yemek masraflar\u0131n\u0131 \u00fcstlendi. <\/p>\n<p>Ye\u015fil-k\u0131rm\u0131z\u0131l\u0131 grup 2 \u015eubat&#8217;ta 23 Elaz\u0131\u011f FK&#8217;yla oynanan son deplasman ma\u00e7\u0131nda \u00f6deme yap\u0131lamayan konaklanan otelde rehin kalmaktan \u015fube idaresinden Ahmet Yimsek&#8217;in mali katk\u0131s\u0131yla kurtulmu\u015ftu. Ligde 3 uzak deplasman\u0131 kalan Kaf-Kaf&#8217;ta birinci d\u0131\u015f saha ma\u00e7\u0131n\u0131n maliyet sorunu Naz\u0131m Torbao\u011flu&#8217;nun devreye girmesiyle erken ortadan kalkt\u0131.<\/p>\n<p> Kar\u015f\u0131yaka&#8217;ya her idare devrinde mali katk\u0131 veren eski y\u00f6neticilerden Torbao\u011flu, bu d\u00f6nem ba\u015f\u0131nda basketbol \u015fubesinin ba\u015f\u0131na ge\u00e7erek y\u0131llar sonra kul\u00fcpte vazife alm\u0131\u015ft\u0131. <\/p>\n<p>Basketbolda \u00e7ok arg\u00fcmanl\u0131 bir tak\u0131m olu\u015fturduktan sonra d\u00f6neme ana sponsorunun ayr\u0131lmas\u0131 kriziyle ba\u015flayan \u0130zmir temsilcisinde Torbao\u011flu, aylarca ekibin maa\u015f ve FIBA \u00f6demelerini de\u011ferli oranda kar\u015f\u0131lad\u0131. <\/p>\n<p>Yak\u0131n arkada\u015f\u0131 Futbol \u015eube Ba\u015fkan\u0131 G\u00f6khan \u015eensan&#8217;\u0131n 29 Ekim&#8217;de ani geli\u015fen rahats\u0131zl\u0131\u011f\u0131yla vefat etmesi \u00fczerine idareye reaksiyon g\u00f6stererek istifa eden Naz\u0131m Torbao\u011flu, kul\u00fcpten uzakla\u015fmas\u0131na kar\u015f\u0131n idare kendisinin akabinde \u00fcst \u00fcste istifalarla d\u00fc\u015ft\u00fckten sonra basketbol kadrosunun kas\u0131m ay\u0131ndaki maa\u015f \u00f6demeleri i\u00e7in de kul\u00fcbe b\u00fcy\u00fck kaynak aktard\u0131.<\/p>\n<\/div>\n<p><\/p>\n","protected":false},"excerpt":{"rendered":"<p>3&#8217;\u00fcnc\u00fc Lig 1&#8217;inci K\u00fcme&#8217;de aylard\u0131r ya\u015fad\u0131\u011f\u0131 krizlere kar\u015f\u0131n \u015fampiyonluk yar\u0131\u015f\u0131n\u0131 b\u0131rakmayan Kar\u015f\u0131yaka&#8217;ya toplulu\u011fun de\u011ferli isimlerinden Naz\u0131m Torbao\u011flu&#8217;ndan dayanak geldi.<\/p>\n","protected":false},"author":1,"featured_media":21886,"comment_status":"open","ping_status":"open","sticky":false,"template":"","format":"standard","meta":{"footnotes":""},"categories":[25],"tags":[],"class_list":["post-21885","post","type-post","status-publish","format-standard","has-post-thumbnail","hentry","category-futbol"],"_links":{"self":[{"href":"https:\/\/haberbesiktas.tr\/index.php?rest_route=\/wp\/v2\/posts\/21885","targetHints":{"allow":["GET"]}}],"collection":[{"href":"https:\/\/haberbesiktas.tr\/index.php?rest_route=\/wp\/v2\/posts"}],"about":[{"href":"https:\/\/haberbesiktas.tr\/index.php?rest_route=\/wp\/v2\/types\/post"}],"author":[{"embeddable":true,"href":"https:\/\/haberbesiktas.tr\/index.php?rest_route=\/wp\/v2\/users\/1"}],"replies":[{"embeddable":true,"href":"https:\/\/haberbesiktas.tr\/index.php?rest_route=%2Fwp%2Fv2%2Fcomments&post=21885"}],"version-history":[{"count":1,"href":"https:\/\/haberbesiktas.tr\/index.php?rest_route=\/wp\/v2\/posts\/21885\/revisions"}],"predecessor-version":[{"id":21887,"href":"https:\/\/haberbesiktas.tr\/index.php?rest_route=\/wp\/v2\/posts\/21885\/revisions\/21887"}],"wp:featuredmedia":[{"embeddable":true,"href":"https:\/\/haberbesiktas.tr\/index.php?rest_route=\/wp\/v2\/media\/21886"}],"wp:attachment":[{"href":"https:\/\/haberbesiktas.tr\/index.php?rest_route=%2Fwp%2Fv2%2Fmedia&parent=21885"}],"wp:term":[{"taxonomy":"category","embeddable":true,"href":"https:\/\/haberbesiktas.tr\/index.php?rest_route=%2Fwp%2Fv2%2Fcategories&post=21885"},{"taxonomy":"post_tag","embeddable":true,"href":"https:\/\/haberbesiktas.tr\/index.php?rest_route=%2Fwp%2Fv2%2Ftags&post=21885"}],"curies":[{"name":"wp","href":"https:\/\/api.w.org\/{rel}","templated":true}]}}