{"id":21888,"date":"2025-04-21T00:36:07","date_gmt":"2025-04-21T00:36:07","guid":{"rendered":"https:\/\/haberbesiktas.tr\/?p=21888"},"modified":"2025-04-21T00:36:07","modified_gmt":"2025-04-21T00:36:07","slug":"masa-tenisi-milli-takimi-madalya-hedefiyle-hazirlaniyor","status":"publish","type":"post","link":"https:\/\/haberbesiktas.tr\/?p=21888","title":{"rendered":"Masa Tenisi Milli Tak\u0131m\u0131, madalya hedefiyle haz\u0131rlan\u0131yor"},"content":{"rendered":"<p>Nizaml\u0131 olarak kampa al\u0131nan ve idmanlara devam eden ulusal sportmenler, olimpiyat oyunlar\u0131na kat\u0131lmak i\u00e7in gerekli olan puan\u0131 toplayabilmek ismine da y\u0131l i\u00e7inde farkl\u0131 \u00fclkelerde d\u00fczenlenecek tertiplere kat\u0131lacak.<\/p>\n<p> Ay-y\u0131ld\u0131zl\u0131 atletler, bu emelle son olarak 12-21 \u015eubat&#8217;ta 50 \u00fclkeden atletlerin i\u015ftirakiyle d\u00fczenlenen Kapadokya Memleketler aras\u0131 Gen\u00e7 ve B\u00fcy\u00fckler Masa Tenisi Kar\u015f\u0131la\u015fmalar\u0131&#8217;nda ferd\u00ee ve grup kategorilerinde \u00e7aba etti.<\/p>\n<p> <strong>&#8220;Hedeflere ula\u015fmak i\u00e7in \u00e7al\u0131\u015f\u0131yoruz&#8221;<\/strong><\/p>\n<p> Masa Tenisi Ulusal Ekibi Antren\u00f6r\u00fc Kemal Bal\u0131m, AA muhabirine, masa tenisinin s\u0131k\u0131nt\u0131 bir spor oldu\u011funu, orta vermeden daima idman ve ma\u00e7 yap\u0131larak kondisyonun korunmas\u0131 gerekti\u011fini s\u00f6yledi.<\/p>\n<p> Masa tenisine ilginin son y\u0131llarda artmaya ba\u015flad\u0131\u011f\u0131n\u0131 lisana getiren Bal\u0131m,<strong> &#8220;Ge\u00e7en y\u0131l olimpiyat oyunlar\u0131na birinci kez bir T\u00fcrk k\u0131z\u0131m\u0131z\u0131 g\u00f6nderdik. Sene boyunca farkl\u0131 \u00fclkelerde kar\u015f\u0131la\u015fmalara kat\u0131l\u0131yoruz. Sportmenler t\u0131p atlad\u0131k\u00e7a puan kazan\u0131yor. Bu puanlarla olimpiyat kotas\u0131 al\u0131n\u0131yor. Atletlerimiz, 2028&#8217;deki olimpiyatlara kat\u0131lmak i\u00e7in bu kar\u015f\u0131la\u015fmalarda puan topluyor. Hedefimiz olimpiyatta da derece elde etmek. B\u00fct\u00fcn atletlerimizin ve bizim ana amac\u0131m\u0131z, olimpik muvaffakiyetler kazanmakt\u0131r.&#8221;<\/strong> diye konu\u015ftu.<\/p>\n<p> Bal\u0131m, bu maksatlar\u0131na ula\u015fmak i\u00e7in \u00e7ok \u00e7al\u0131\u015ft\u0131klar\u0131n\u0131 belirterek, <strong>&#8220;Her hafta d\u00fcnyan\u0131n farkl\u0131 noktas\u0131nda kar\u015f\u0131la\u015fmalar oluyor. Lokasyon a\u00e7\u0131s\u0131ndan genelde Avrupa \u00fclkelerini tercih ediyoruz. Olimpiyat oyunlar\u0131na uzun vakit var \u00fczere g\u00f6z\u00fck\u00fcyor fakat sportmenlerin puan toplamas\u0131 gerekiyor.&#8221;<\/strong> tabirlerini kulland\u0131.<\/p>\n<p><strong>Milli atletlerde olimpiyat heyecan\u0131<\/strong><\/p>\n<p> Paris 2024 Olimpiyat Oyunlar\u0131&#8217;nda T\u00fcrkiye&#8217;yi temsil eden Sibel Alt\u0131nkaya da olimpiyat oyunlar\u0131na ikinci defa ulusal formayla \u00e7\u0131kabilmek i\u00e7in haz\u0131rl\u0131klar\u0131n\u0131 s\u00fcrd\u00fcrd\u00fc\u011f\u00fcn\u00fc lisana getirdi.<\/p>\n<p> Olimpiyat s\u00fcrecinin s\u0131k\u0131nt\u0131 oldu\u011funa dikkati \u00e7eken Sibel,<strong> &#8220;T\u00fcrkiye&#8217;de bu kar\u015f\u0131la\u015fmalar\u0131n d\u00fczenlenmesi bizim a\u00e7\u0131m\u0131zdan ho\u015f. Rakiplerimizi tan\u0131yarak yurt d\u0131\u015f\u0131ndaki m\u00fcsabakalarda yeterli bir performans elde ediyoruz. Gayem 2028&#8217;deki olimpiyatlara kat\u0131lmak. Ondan evvel \u0130slam, Akdeniz ve Avrupa oyunlar\u0131nda da muvaffakiyet hedefliyorum.&#8221;<\/strong> de\u011ferlendirmesinde bulundu.<\/p>\n<p> Ulusal sportmen Abdullah Talha Yi\u011fenler ise ulusal kadroda yer alman\u0131n gururunu, olimpiyatlarda derece elde ederek ta\u00e7land\u0131rmak istedi\u011fini s\u00f6yledi.<\/p>\n","protected":false},"excerpt":{"rendered":"<p>Masa Tenisi Ulusal Ekibi oyuncular\u0131, 2028 y\u0131l\u0131nda ABD&#8217;nin Los Angeles kentinde d\u00fczenlenecek olimpiyat oyunlar\u0131ndan madalyayla d\u00f6nebilme gayesiyle haz\u0131rl\u0131klar\u0131n\u0131 s\u00fcrd\u00fcr\u00fcyor.<\/p>\n","protected":false},"author":1,"featured_media":21889,"comment_status":"open","ping_status":"open","sticky":false,"template":"","format":"standard","meta":{"footnotes":""},"categories":[27],"tags":[270,2125,465,65],"class_list":["post-21888","post","type-post","status-publish","format-standard","has-post-thumbnail","hentry","category-guncel-haberler","tag-milli","tag-musabakalar","tag-olimpiyat","tag-spor"],"_links":{"self":[{"href":"https:\/\/haberbesiktas.tr\/index.php?rest_route=\/wp\/v2\/posts\/21888","targetHints":{"allow":["GET"]}}],"collection":[{"href":"https:\/\/haberbesiktas.tr\/index.php?rest_route=\/wp\/v2\/posts"}],"about":[{"href":"https:\/\/haberbesiktas.tr\/index.php?rest_route=\/wp\/v2\/types\/post"}],"author":[{"embeddable":true,"href":"https:\/\/haberbesiktas.tr\/index.php?rest_route=\/wp\/v2\/users\/1"}],"replies":[{"embeddable":true,"href":"https:\/\/haberbesiktas.tr\/index.php?rest_route=%2Fwp%2Fv2%2Fcomments&post=21888"}],"version-history":[{"count":1,"href":"https:\/\/haberbesiktas.tr\/index.php?rest_route=\/wp\/v2\/posts\/21888\/revisions"}],"predecessor-version":[{"id":21890,"href":"https:\/\/haberbesiktas.tr\/index.php?rest_route=\/wp\/v2\/posts\/21888\/revisions\/21890"}],"wp:featuredmedia":[{"embeddable":true,"href":"https:\/\/haberbesiktas.tr\/index.php?rest_route=\/wp\/v2\/media\/21889"}],"wp:attachment":[{"href":"https:\/\/haberbesiktas.tr\/index.php?rest_route=%2Fwp%2Fv2%2Fmedia&parent=21888"}],"wp:term":[{"taxonomy":"category","embeddable":true,"href":"https:\/\/haberbesiktas.tr\/index.php?rest_route=%2Fwp%2Fv2%2Fcategories&post=21888"},{"taxonomy":"post_tag","embeddable":true,"href":"https:\/\/haberbesiktas.tr\/index.php?rest_route=%2Fwp%2Fv2%2Ftags&post=21888"}],"curies":[{"name":"wp","href":"https:\/\/api.w.org\/{rel}","templated":true}]}}