{"id":21909,"date":"2025-04-21T02:00:05","date_gmt":"2025-04-21T02:00:05","guid":{"rendered":"https:\/\/haberbesiktas.tr\/?p=21909"},"modified":"2025-04-21T02:00:05","modified_gmt":"2025-04-21T02:00:05","slug":"herkes-icin-yuzme-projesi-yuzme-yarislari-finali-konyada-basladi","status":"publish","type":"post","link":"https:\/\/haberbesiktas.tr\/?p=21909","title":{"rendered":"&#8220;Herkes \u0130\u00e7in Y\u00fczme Projesi Y\u00fczme Yar\u0131\u015flar\u0131&#8221; finali Konya&#8217;da ba\u015flad\u0131"},"content":{"rendered":"<p>T\u00fcrk Devletleri Te\u015fkilat\u0131 Gen\u00e7lik ve Spordan Sorumlu Bakanlar Toplant\u0131s\u0131&#8217;nda al\u0131nan karar do\u011frultusunda; T\u00fcrkiye, Azerbaycan, Kazakistan, K\u0131rg\u0131zistan, \u00d6zbekistan ile g\u00f6zlemci Macaristan, T\u00fcrkmenistan ve Kuzey K\u0131br\u0131s T\u00fcrk Cumhuriyeti&#8217;nin i\u015ftirakiyle &#8220;Herkes \u0130\u00e7in Y\u00fczme Projesi Y\u00fczme Yar\u0131\u015flar\u0131 &#8220;d\u00fczenleniyor.<\/p>\n<p> Y\u00fczme m\u00fcsabakalar\u0131n\u0131n T\u00fcrkiye etab\u0131, Konya Olimpik Y\u00fczme Havuzu&#8217;nda ba\u015flad\u0131.<\/p>\n<p> M\u00fcsabakada farkl\u0131 ya\u015f kategorisinde birincili\u011fi elde eden atletler, Azerbaycan&#8217;da yap\u0131lacak final kar\u015f\u0131la\u015fmalar\u0131nda T\u00fcrkiye&#8217;yi temsil edecek.<\/p>\n<p> Konya Y\u00fczme Vilayet Temsilcisi Can Utkuo\u011flu, AA muhabirine, 8 vilayetten yakla\u015f\u0131k 800&#8217;\u00fcn \u00fczerinde i\u015ftirak\u00e7inin kat\u0131ld\u0131\u011f\u0131 se\u00e7melerden gelenlerin yar\u0131\u015ft\u0131\u011f\u0131n\u0131 s\u00f6yledi.<\/p>\n<p> Konya&#8217;da 160 atletin yar\u0131\u015fa kat\u0131ld\u0131\u011f\u0131n\u0131 aktaran Utkuo\u011flu, <strong>&#8220;Burada birinci olan atletlerimizi Bak\u00fc&#8217;deki finale g\u00f6nderece\u011fiz. Yar\u0131n bitirmeyi planl\u0131yoruz. 9-75 ya\u015f ortas\u0131nda atletlerimiz var. Gen\u00e7 ya\u015f k\u00fcmemizde i\u015ftirak fazla. Atletlerimiz 30 dakika boyunca y\u00fcz\u00fcyor. Bu m\u00fcddette en uzun metraj\u0131 y\u00fczen atletlerimizin birinci \u00fc\u00e7\u00fcne madalya, birincilerini de Azerbaycan&#8217;a g\u00f6nderece\u011fiz.&#8221;<\/strong> diye konu\u015ftu.<\/p>\n","protected":false},"excerpt":{"rendered":"<p>Gen\u00e7lik ve Spor Bakanl\u0131\u011f\u0131n\u0131n d\u00fczenledi\u011fi Herkes \u0130\u00e7in Y\u00fczme Projesi Y\u00fczme Yar\u0131\u015flar\u0131, Konya&#8217;da ba\u015flad\u0131.<\/p>\n","protected":false},"author":1,"featured_media":21910,"comment_status":"open","ping_status":"open","sticky":false,"template":"","format":"standard","meta":{"footnotes":""},"categories":[27],"tags":[89,199],"class_list":["post-21909","post","type-post","status-publish","format-standard","has-post-thumbnail","hentry","category-guncel-haberler","tag-turk","tag-yuzme"],"_links":{"self":[{"href":"https:\/\/haberbesiktas.tr\/index.php?rest_route=\/wp\/v2\/posts\/21909","targetHints":{"allow":["GET"]}}],"collection":[{"href":"https:\/\/haberbesiktas.tr\/index.php?rest_route=\/wp\/v2\/posts"}],"about":[{"href":"https:\/\/haberbesiktas.tr\/index.php?rest_route=\/wp\/v2\/types\/post"}],"author":[{"embeddable":true,"href":"https:\/\/haberbesiktas.tr\/index.php?rest_route=\/wp\/v2\/users\/1"}],"replies":[{"embeddable":true,"href":"https:\/\/haberbesiktas.tr\/index.php?rest_route=%2Fwp%2Fv2%2Fcomments&post=21909"}],"version-history":[{"count":1,"href":"https:\/\/haberbesiktas.tr\/index.php?rest_route=\/wp\/v2\/posts\/21909\/revisions"}],"predecessor-version":[{"id":21911,"href":"https:\/\/haberbesiktas.tr\/index.php?rest_route=\/wp\/v2\/posts\/21909\/revisions\/21911"}],"wp:featuredmedia":[{"embeddable":true,"href":"https:\/\/haberbesiktas.tr\/index.php?rest_route=\/wp\/v2\/media\/21910"}],"wp:attachment":[{"href":"https:\/\/haberbesiktas.tr\/index.php?rest_route=%2Fwp%2Fv2%2Fmedia&parent=21909"}],"wp:term":[{"taxonomy":"category","embeddable":true,"href":"https:\/\/haberbesiktas.tr\/index.php?rest_route=%2Fwp%2Fv2%2Fcategories&post=21909"},{"taxonomy":"post_tag","embeddable":true,"href":"https:\/\/haberbesiktas.tr\/index.php?rest_route=%2Fwp%2Fv2%2Ftags&post=21909"}],"curies":[{"name":"wp","href":"https:\/\/api.w.org\/{rel}","templated":true}]}}