{"id":2191,"date":"2025-01-09T09:43:47","date_gmt":"2025-01-09T09:43:47","guid":{"rendered":"https:\/\/haberbesiktas.tr\/?p=2191"},"modified":"2025-01-09T09:43:47","modified_gmt":"2025-01-09T09:43:47","slug":"mert-gunok-besiktasta-oynamanin-bedeli-budur","status":"publish","type":"post","link":"https:\/\/haberbesiktas.tr\/?p=2191","title":{"rendered":"Mert G\u00fcnok: &#8220;Be\u015fikta\u015f&#8217;ta oynaman\u0131n bedeli budur&#8221;"},"content":{"rendered":"<div>Be\u015fikta\u015f&#8217;\u0131n kalecisi Mert G\u00fcnok, T\u00fcrkiye Kupas\u0131&#8217;nda 1-0 kazan\u0131lan Sivasspor m\u00fcsabakas\u0131n\u0131 TRT Spor&#8217;da k\u0131ymetlendirdi.<\/p>\n<p> Ulusal file bek\u00e7isi,<strong> &#8220;Be\u015fikta\u015f Kul\u00fcb\u00fc&#8217;n\u00fcn kat\u0131ld\u0131\u011f\u0131 her turnuvada gayesi kupa kazanmak. Ligde uygun ba\u015flamad\u0131k, uygun gidemedik ancak hangi kupaya kat\u0131l\u0131rsak kat\u0131lal\u0131m bizim emelimiz kupaya ula\u015fmakt\u0131r. Ge\u00e7en y\u0131l\u0131n T\u00fcrkiye Kupas\u0131 \u015fampiyonuyuz. Bu sene de galibiyetle ba\u015flad\u0131k. Sonunda kupa almak nat\u00fcrel ki de\u011ferli ancak yaln\u0131zca T\u00fcrkiye Kupas\u0131 kadrosu de\u011filiz biz. Ligde de \u00e2l\u00e2 gitmemiz gerekiyor. Bug\u00fcnk\u00fc galibiyetle birlikte ligde de bir \u00e7\u0131k\u0131\u015f yakalayaca\u011f\u0131m\u0131z\u0131 d\u00fc\u015f\u00fcn\u00fcyorum.&#8221;<\/strong> dedi.<\/p>\n<p> Mert G\u00fcnok, kendi performans\u0131yla ilgili, <strong>&#8220;Kendimi \u00f6vmeyi yahut birileri taraf\u0131ndan \u00f6v\u00fclmeyi \u00e7ok sevmiyorum. Ancak ola\u011fan ki bu i\u015fin tek anahtar s\u00f6z\u00fc \u00e7al\u0131\u015fmak. Elimden gelenin en g\u00fczelini yapmaya \u00e7al\u0131\u015faca\u011f\u0131m. \u00c7al\u0131\u015farak daha d\u00fczg\u00fcn olmaya \u00e7al\u0131\u015faca\u011f\u0131m. K\u0131ymetli, k\u0131ymetli bir kul\u00fcpte oynuyorum. Bu kul\u00fcpte oynaman\u0131n bedeli her ma\u00e7 \u00e2l\u00e2 oynamakt\u0131r. Ben de bunu sa\u011flamaya \u00e7al\u0131\u015f\u0131yorum.&#8221; <\/strong>diye konu\u015ftu.<strong><br \/><\/strong><\/p>\n<\/div>\n","protected":false},"excerpt":{"rendered":"<p>Be\u015fikta\u015f file bek\u00e7isi Mert G\u00fcnok, kupadaki Sivasspor galibiyeti sonras\u0131 konu\u015ftu.<\/p>\n","protected":false},"author":1,"featured_media":0,"comment_status":"open","ping_status":"open","sticky":false,"template":"","format":"standard","meta":{"footnotes":""},"categories":[25],"tags":[120],"class_list":["post-2191","post","type-post","status-publish","format-standard","hentry","category-futbol","tag-kupa"],"_links":{"self":[{"href":"https:\/\/haberbesiktas.tr\/index.php?rest_route=\/wp\/v2\/posts\/2191","targetHints":{"allow":["GET"]}}],"collection":[{"href":"https:\/\/haberbesiktas.tr\/index.php?rest_route=\/wp\/v2\/posts"}],"about":[{"href":"https:\/\/haberbesiktas.tr\/index.php?rest_route=\/wp\/v2\/types\/post"}],"author":[{"embeddable":true,"href":"https:\/\/haberbesiktas.tr\/index.php?rest_route=\/wp\/v2\/users\/1"}],"replies":[{"embeddable":true,"href":"https:\/\/haberbesiktas.tr\/index.php?rest_route=%2Fwp%2Fv2%2Fcomments&post=2191"}],"version-history":[{"count":1,"href":"https:\/\/haberbesiktas.tr\/index.php?rest_route=\/wp\/v2\/posts\/2191\/revisions"}],"predecessor-version":[{"id":2192,"href":"https:\/\/haberbesiktas.tr\/index.php?rest_route=\/wp\/v2\/posts\/2191\/revisions\/2192"}],"wp:attachment":[{"href":"https:\/\/haberbesiktas.tr\/index.php?rest_route=%2Fwp%2Fv2%2Fmedia&parent=2191"}],"wp:term":[{"taxonomy":"category","embeddable":true,"href":"https:\/\/haberbesiktas.tr\/index.php?rest_route=%2Fwp%2Fv2%2Fcategories&post=2191"},{"taxonomy":"post_tag","embeddable":true,"href":"https:\/\/haberbesiktas.tr\/index.php?rest_route=%2Fwp%2Fv2%2Ftags&post=2191"}],"curies":[{"name":"wp","href":"https:\/\/api.w.org\/{rel}","templated":true}]}}