{"id":21912,"date":"2025-04-21T02:12:07","date_gmt":"2025-04-21T02:12:07","guid":{"rendered":"https:\/\/haberbesiktas.tr\/?p=21912"},"modified":"2025-04-21T02:12:07","modified_gmt":"2025-04-21T02:12:07","slug":"akkus-belediyespor-arkas-spor-maci-11-martta-yapilacak","status":"publish","type":"post","link":"https:\/\/haberbesiktas.tr\/?p=21912","title":{"rendered":"Akku\u015f Belediyespor-Arkas Spor ma\u00e7\u0131 11 Mart&#8217;ta yap\u0131lacak"},"content":{"rendered":"<div> Voleybolda SMS Grup Efeler Ligi 23. haftas\u0131nda bug\u00fcn oynanmas\u0131 planlanan Ku\u015fg\u00f6z \u0130zmir Vin\u00e7 Akku\u015f Belediyespor-Arkas Spor m\u00fcsabakas\u0131, olumsuz hava \u015fartlar\u0131 nedeniyle 11 Mart&#8217;ta yap\u0131lacak.<\/p>\n<p> Ku\u015fg\u00f6z \u0130zmir Vin\u00e7 Akku\u015f Belediyespor Kul\u00fcb\u00fc Lideri Ercan \u00c7ay\u0131ro\u011flu, AA muhabirine, b\u00f6lge genelinde tesirini s\u00fcrd\u00fcren kar nedeniyle bir\u00e7ok u\u00e7ak seferinin iptal oldu\u011funu s\u00f6yledi.<\/p>\n<p> Ma\u00e7\u0131n oynanaca\u011f\u0131 Akku\u015f il\u00e7esinde kar kal\u0131nl\u0131\u011f\u0131n\u0131n yakla\u015f\u0131k bir metreye ula\u015ft\u0131\u011f\u0131n\u0131 belirten \u00c7ay\u0131ro\u011flu, ilgili kurumlarca al\u0131nan karar do\u011frultusunda \u00dcnye-Akku\u015f-Niksar yolunun belli saatler aral\u0131\u011f\u0131nda ula\u015f\u0131ma kapat\u0131ld\u0131\u011f\u0131n\u0131 tabir etti.<\/p>\n<p> \u00c7ay\u0131ro\u011flu, bu nedenle ma\u00e7\u0131n iki grup i\u00e7in de uygun olan 11 Mart&#8217;a ertelenmesine karar verildi\u011fini kaydetti.<\/p>\n<div>\u00a0<\/div>\n<\/p><\/div>\n","protected":false},"excerpt":{"rendered":"<p>Voleybolda SMS Grup Efeler Ligi 23. haftas\u0131nda bug\u00fcn oynanmas\u0131 planlanan Ku\u015fg\u00f6z \u0130zmir Vin\u00e7 Akku\u015f Belediyespor-Arkas Spor m\u00fcsabakas\u0131, olumsuz hava \u015fartlar\u0131 nedeniyle 11 Mart&#8217;ta yap\u0131lacak.<\/p>\n","protected":false},"author":1,"featured_media":21913,"comment_status":"open","ping_status":"open","sticky":false,"template":"","format":"standard","meta":{"footnotes":""},"categories":[27],"tags":[81],"class_list":["post-21912","post","type-post","status-publish","format-standard","has-post-thumbnail","hentry","category-guncel-haberler","tag-kar"],"_links":{"self":[{"href":"https:\/\/haberbesiktas.tr\/index.php?rest_route=\/wp\/v2\/posts\/21912","targetHints":{"allow":["GET"]}}],"collection":[{"href":"https:\/\/haberbesiktas.tr\/index.php?rest_route=\/wp\/v2\/posts"}],"about":[{"href":"https:\/\/haberbesiktas.tr\/index.php?rest_route=\/wp\/v2\/types\/post"}],"author":[{"embeddable":true,"href":"https:\/\/haberbesiktas.tr\/index.php?rest_route=\/wp\/v2\/users\/1"}],"replies":[{"embeddable":true,"href":"https:\/\/haberbesiktas.tr\/index.php?rest_route=%2Fwp%2Fv2%2Fcomments&post=21912"}],"version-history":[{"count":1,"href":"https:\/\/haberbesiktas.tr\/index.php?rest_route=\/wp\/v2\/posts\/21912\/revisions"}],"predecessor-version":[{"id":21914,"href":"https:\/\/haberbesiktas.tr\/index.php?rest_route=\/wp\/v2\/posts\/21912\/revisions\/21914"}],"wp:featuredmedia":[{"embeddable":true,"href":"https:\/\/haberbesiktas.tr\/index.php?rest_route=\/wp\/v2\/media\/21913"}],"wp:attachment":[{"href":"https:\/\/haberbesiktas.tr\/index.php?rest_route=%2Fwp%2Fv2%2Fmedia&parent=21912"}],"wp:term":[{"taxonomy":"category","embeddable":true,"href":"https:\/\/haberbesiktas.tr\/index.php?rest_route=%2Fwp%2Fv2%2Fcategories&post=21912"},{"taxonomy":"post_tag","embeddable":true,"href":"https:\/\/haberbesiktas.tr\/index.php?rest_route=%2Fwp%2Fv2%2Ftags&post=21912"}],"curies":[{"name":"wp","href":"https:\/\/api.w.org\/{rel}","templated":true}]}}