{"id":21927,"date":"2025-04-21T03:12:06","date_gmt":"2025-04-21T03:12:06","guid":{"rendered":"https:\/\/haberbesiktas.tr\/?p=21927"},"modified":"2025-04-21T03:12:06","modified_gmt":"2025-04-21T03:12:06","slug":"ismet-tasdemir-bu-da-o-kiymetli-puanlardan-bir-tanesi-olacak","status":"publish","type":"post","link":"https:\/\/haberbesiktas.tr\/?p=21927","title":{"rendered":"\u0130smet Ta\u015fdemir: &#8220;Bu da o k\u0131ymetli puanlardan bir tanesi olacak&#8221;"},"content":{"rendered":"<div>Kocaelispor Teknik Y\u00f6neticisi \u0130smet Ta\u015fdemir ligin uzunlu\u011funun k\u0131sald\u0131\u011f\u0131 bu periyotta kuvvetli ma\u00e7lar oynad\u0131klar\u0131n\u0131 s\u00f6yledi.<\/p>\n<p> Bug\u00fcn g\u00fc\u00e7 bir ma\u00e7 oynad\u0131klar\u0131n\u0131 tabir eden Ta\u015fdemir, \u015funlar\u0131 kaydetti:<\/p>\n<p> &#8220;Rakibimizi bizi \u00e7ok zorlad\u0131. Biz bu vakte kadarki al\u0131\u015f\u0131k oldu\u011fumuz sistemde ve manzarada de\u011fildik maalesef. Bilhassa birinci yar\u0131 rakibimize \u00e7ok f\u0131rsat verdik ancak burada da G\u00f6khan devreye girdi, bug\u00fcn de\u011ferli bir rol oynad\u0131, buradan kendisine te\u015fekk\u00fcr ediyorum. Kolay bir ma\u00e7 de\u011fildi, s\u0131k\u0131nt\u0131 bir ma\u00e7t\u0131. Lakin sonucunda yeniden bakt\u0131\u011f\u0131m\u0131zda gol yemeden de yolumuza devam ediyoruz. Amaca giderken al\u0131nan her puan \u00e7ok de\u011ferli. Bu da tahminen o de\u011ferli puanlardan bir tanesi olacak. Ancak oyunun geneline bakt\u0131\u011f\u0131n\u0131zda bilhassa birinci yar\u0131 oynad\u0131\u011f\u0131m\u0131z oyunu kendimize ve ekibimize yak\u0131\u015ft\u0131ramad\u0131k. \u0130n\u015fallah bir sonraki ma\u00e7ta telefi edip yolumuza o denli devam ederiz.&#8221;<\/p>\n<\/div>\n<p><\/p>\n","protected":false},"excerpt":{"rendered":"<p>Trendyol 1. Lig&#8217;in 26. haftas\u0131nda \u015eanl\u0131urfaspor ile deplasmanda 0-0 berabere kalan Kocaelispor&#8217;da teknik y\u00f6netici \u0130smet Ta\u015fdemir, a\u00e7\u0131klamalarda bulundu.<\/p>\n","protected":false},"author":1,"featured_media":21928,"comment_status":"open","ping_status":"open","sticky":false,"template":"","format":"standard","meta":{"footnotes":""},"categories":[25],"tags":[50],"class_list":["post-21927","post","type-post","status-publish","format-standard","has-post-thumbnail","hentry","category-futbol","tag-mac"],"_links":{"self":[{"href":"https:\/\/haberbesiktas.tr\/index.php?rest_route=\/wp\/v2\/posts\/21927","targetHints":{"allow":["GET"]}}],"collection":[{"href":"https:\/\/haberbesiktas.tr\/index.php?rest_route=\/wp\/v2\/posts"}],"about":[{"href":"https:\/\/haberbesiktas.tr\/index.php?rest_route=\/wp\/v2\/types\/post"}],"author":[{"embeddable":true,"href":"https:\/\/haberbesiktas.tr\/index.php?rest_route=\/wp\/v2\/users\/1"}],"replies":[{"embeddable":true,"href":"https:\/\/haberbesiktas.tr\/index.php?rest_route=%2Fwp%2Fv2%2Fcomments&post=21927"}],"version-history":[{"count":1,"href":"https:\/\/haberbesiktas.tr\/index.php?rest_route=\/wp\/v2\/posts\/21927\/revisions"}],"predecessor-version":[{"id":21929,"href":"https:\/\/haberbesiktas.tr\/index.php?rest_route=\/wp\/v2\/posts\/21927\/revisions\/21929"}],"wp:featuredmedia":[{"embeddable":true,"href":"https:\/\/haberbesiktas.tr\/index.php?rest_route=\/wp\/v2\/media\/21928"}],"wp:attachment":[{"href":"https:\/\/haberbesiktas.tr\/index.php?rest_route=%2Fwp%2Fv2%2Fmedia&parent=21927"}],"wp:term":[{"taxonomy":"category","embeddable":true,"href":"https:\/\/haberbesiktas.tr\/index.php?rest_route=%2Fwp%2Fv2%2Fcategories&post=21927"},{"taxonomy":"post_tag","embeddable":true,"href":"https:\/\/haberbesiktas.tr\/index.php?rest_route=%2Fwp%2Fv2%2Ftags&post=21927"}],"curies":[{"name":"wp","href":"https:\/\/api.w.org\/{rel}","templated":true}]}}