{"id":2193,"date":"2025-01-09T10:19:39","date_gmt":"2025-01-09T10:19:39","guid":{"rendered":"https:\/\/haberbesiktas.tr\/?p=2193"},"modified":"2025-01-09T10:19:39","modified_gmt":"2025-01-09T10:19:39","slug":"halim-okta-oyuncularimiz-istediklerimizi-sahaya-yansitti","status":"publish","type":"post","link":"https:\/\/haberbesiktas.tr\/?p=2193","title":{"rendered":"Halim Okta: &#8220;Oyuncular\u0131m\u0131z istediklerimizi sahaya yans\u0131tt\u0131&#8221;"},"content":{"rendered":"<div>Ziraat T\u00fcrkiye Kupas\u0131 D K\u00fcmesi birinci hafta ma\u00e7\u0131nda Net K\u00fcresel Sivasspor&#8217;u 1-0 ma\u011flup eden Be\u015fikta\u015f&#8217;ta teknik sorumlu Halim Okta, kazand\u0131klar\u0131 i\u00e7in memnun olduklar\u0131n\u0131 s\u00f6yledi.<\/p>\n<p> Okta, m\u00fcsabakan\u0131n akabinde BG K\u00fcme 4 Eyl\u00fcl Stadyumu&#8217;nda d\u00fczenlenen bas\u0131n toplant\u0131s\u0131nda kupada birinci ma\u00e7lar\u0131na \u00e7\u0131kt\u0131klar\u0131n\u0131 belirtti.<\/p>\n<p><strong>&#8220;\u0130STED\u0130KLER\u0130M\u0130Z\u0130N NEREDEYSE TAMAMINI UYGULADIK&#8221;<\/strong><\/p>\n<p> G\u00fc\u00e7 ma\u00e7 olaca\u011f\u0131n\u0131 iddia ettiklerini lisana getiren Okta, &#8220;Bu ma\u00e7 \u00f6ncesinde oyuncular\u0131m\u0131zla yapt\u0131\u011f\u0131m\u0131z g\u00f6r\u00fc\u015fmede onlardan gerek taktik manas\u0131nda, gerekse oyun i\u00e7erisinde yapacaklar\u0131 \u015feylerle ilgili istediklerimizin \u00e7abucak hemen tamam\u0131n\u0131 birinci yar\u0131da oyuncular\u0131m\u0131z uygulad\u0131.&#8221; dedi.<\/p>\n<p><strong>&#8220;KAZANDI\u011eIMIZ \u0130\u00c7\u0130N \u00c7OK MUTLUYUZ&#8221;<\/strong><\/p>\n<p> M\u00fcsabakan\u0131n birinci yar\u0131s\u0131nda gol\u00fc de bulduklar\u0131n\u0131 aktaran Okta, \u015funlar\u0131 kaydetti:<\/p>\n<p> &#8220;Topun hakimiyeti b\u00fcsb\u00fct\u00fcn bizdeydi, d\u00fczg\u00fcn bir birinci yar\u0131 ge\u00e7irdik. Sonra ikinci yar\u0131da bilhassa 60. dakikadan itibaren biraz topu fazla rakibe verdik. Oyuncular\u0131m\u0131z biraz geriye \u00e7ekildi, rakibi daha \u00f6nde tutal\u0131m istiyorduk. Son haftalardaki skorlardan kaynaklanan skoru m\u00fcdafaa i\u00e7g\u00fcd\u00fcs\u00fcyle biraz kendi alan\u0131m\u0131zda kald\u0131k ve topu rakibe verdik. Ancak sonu\u00e7ta kazand\u0131k. Kazand\u0131\u011f\u0131m\u0131z i\u00e7in \u00e7ok memnunuz, Yolumuza devam edece\u011fiz.&#8221;<\/p>\n<\/div>\n","protected":false},"excerpt":{"rendered":"<p>Ziraat T\u00fcrkiye Kupas\u0131 D K\u00fcmesi birinci hafta ma\u00e7\u0131nda Sivasspor&#8217;u 1-0 ma\u011flup eden Be\u015fikta\u015f&#8217;ta teknik sorumlu Halim Okta ma\u00e7\u0131n akabinde a\u00e7\u0131klamalarda bulundu.<\/p>\n","protected":false},"author":1,"featured_media":0,"comment_status":"open","ping_status":"open","sticky":false,"template":"","format":"standard","meta":{"footnotes":""},"categories":[25],"tags":[],"class_list":["post-2193","post","type-post","status-publish","format-standard","hentry","category-futbol"],"_links":{"self":[{"href":"https:\/\/haberbesiktas.tr\/index.php?rest_route=\/wp\/v2\/posts\/2193","targetHints":{"allow":["GET"]}}],"collection":[{"href":"https:\/\/haberbesiktas.tr\/index.php?rest_route=\/wp\/v2\/posts"}],"about":[{"href":"https:\/\/haberbesiktas.tr\/index.php?rest_route=\/wp\/v2\/types\/post"}],"author":[{"embeddable":true,"href":"https:\/\/haberbesiktas.tr\/index.php?rest_route=\/wp\/v2\/users\/1"}],"replies":[{"embeddable":true,"href":"https:\/\/haberbesiktas.tr\/index.php?rest_route=%2Fwp%2Fv2%2Fcomments&post=2193"}],"version-history":[{"count":1,"href":"https:\/\/haberbesiktas.tr\/index.php?rest_route=\/wp\/v2\/posts\/2193\/revisions"}],"predecessor-version":[{"id":2194,"href":"https:\/\/haberbesiktas.tr\/index.php?rest_route=\/wp\/v2\/posts\/2193\/revisions\/2194"}],"wp:attachment":[{"href":"https:\/\/haberbesiktas.tr\/index.php?rest_route=%2Fwp%2Fv2%2Fmedia&parent=2193"}],"wp:term":[{"taxonomy":"category","embeddable":true,"href":"https:\/\/haberbesiktas.tr\/index.php?rest_route=%2Fwp%2Fv2%2Fcategories&post=2193"},{"taxonomy":"post_tag","embeddable":true,"href":"https:\/\/haberbesiktas.tr\/index.php?rest_route=%2Fwp%2Fv2%2Ftags&post=2193"}],"curies":[{"name":"wp","href":"https:\/\/api.w.org\/{rel}","templated":true}]}}