{"id":21945,"date":"2025-04-21T04:24:08","date_gmt":"2025-04-21T04:24:08","guid":{"rendered":"https:\/\/haberbesiktas.tr\/?p=21945"},"modified":"2025-04-21T04:24:08","modified_gmt":"2025-04-21T04:24:08","slug":"antalyaspor-evinde-3-mac-sonra-galip","status":"publish","type":"post","link":"https:\/\/haberbesiktas.tr\/?p=21945","title":{"rendered":"Antalyaspor evinde 3 ma\u00e7 sonra galip!"},"content":{"rendered":"<div>Trendyol \u00dcst\u00fcn Lig&#8217;in 25. haftas\u0131nda Antalyaspor, Kas\u0131mpa\u015fa&#8217;y\u0131 konuk etti.\u00a0<\/p>\n<p>Corendon Airlines Park&#8217;ya oynanan \u00e7abay\u0131 mesken sahibi 2-1 kazand\u0131.\u00a0<\/p>\n<p>Antalyaspor&#8217;a galibiyeti getiren goller, 10. dakikada\u00a0<span><span><strong>Soner Dikmen<\/strong> ve 42. dakikada\u00a0<span><strong>Braian Samudio<\/strong>&#8216;dan<strong> geldi.<\/strong><\/p>\n<p>Kas\u0131mpa\u015fa&#8217;n\u0131n tek gol\u00fcn\u00fc ise 90+5&#8217;te penalt\u0131dan<strong>\u00a0<\/strong><span><strong>Haris Hajradinovic<\/strong> kaydetti.<\/span><\/p>\n<p>Kas\u0131mpa\u015fa&#8217;n\u0131n 83. dakikada <strong>G\u00f6khan G\u00fcl<\/strong> ile buldu\u011fu gol, VAR incelemesi sonucunda <strong>Nuno da Costa<\/strong>&#8216;n\u0131n rakibine faul yapt\u0131\u011f\u0131 gerek\u00e7esiyle iptal edildi.<\/p>\n<p>Evinde 3 ma\u00e7 sonra galip gelen Antalyaspor, 30 puana y\u00fckseldi ve 9. s\u0131raya yerle\u015fti. \u00dcst \u00fcste 2. yenilgisini alan Kas\u0131mpa\u015fa ise 31 puanda kald\u0131 ve 8. s\u0131rada konumland\u0131.\u00a0<\/p>\n<p>S\u00fcper Lig&#8217;de bir sonraki hafta Antalyaspor, Fenerbah\u00e7e&#8217;ye konuk olacak. Kas\u0131mpa\u015fa ise Galatasaray&#8217;\u0131 konuk edecek.\u00a0<\/p>\n<p><strong>EMRE BEL\u00d6ZO\u011eLU GRUBUN BA\u015eINDA YER ALMADI<\/strong><\/p>\n<p>Onvo Antalyaspor Teknik Y\u00f6neticisi Emre Bel\u00f6zo\u011flu, ge\u00e7en haftaki Adana Demirspor m\u00fcsabakas\u0131nda k\u0131rm\u0131z\u0131 kart g\u00f6rd\u00fc\u011f\u00fc hakeme y\u00f6nelik sportmenli\u011fe muhalif hareketi nedeniyle 1 resmi kar\u015f\u0131la\u015fmadan men cezas\u0131ndan dolay\u0131\u00a0Kas\u0131mpa\u015fa\u00a0m\u00fcsabakas\u0131nda kadronun ba\u015f\u0131nda yer alamad\u0131.<\/p>\n<p><strong>CEZASI \u0130ND\u0130R\u0130LEN BURAK YILMAZ SAHADA<\/strong><\/p>\n<p>Ligin 23. haftas\u0131nda \u00c7aykur Rizespor u\u011fra\u015f\u0131nda k\u0131rm\u0131z\u0131 kart g\u00f6ren\u00a0Kas\u0131mpa\u015fa\u00a0Teknik Y\u00f6neticisi Burak Y\u0131lmaz, ihra\u00e7 \u00f6ncesi ve ihra\u00e7 sonras\u0131 sportmenli\u011fe ters hareketleri gerek\u00e7esiyle kendisine verilen 2 ma\u00e7 men cezas\u0131n\u0131n T\u00fcrkiye Futbol Federasyonu (TFF) Tahkim Kurulunca 1 ma\u00e7a indirmesiyle Onvo Antalyaspor m\u00fcsabakas\u0131nda ekibin ba\u015f\u0131nda yer ald\u0131.<\/p>\n<p><strong>FENERBAH\u00c7E \u00d6NCES\u0130 F\u0130RE VERD\u0130<\/strong><\/p>\n<p>Antalyaspor&#8217;un Polonyal\u0131 orta alan\u0131 Jakub Kaluzinsk, 61. dakikada g\u00f6rd\u00fc\u011f\u00fc sar\u0131 kartla cezal\u0131 duruma d\u00fc\u015ft\u00fc. 22 ya\u015f\u0131ndaki futbolcu, ligde gelecek hafta Fenerbah\u00e7e deplasman\u0131nda forma giyemeyecek.<\/p>\n<p><strong>MA\u00c7TAN DAK\u0130KALAR (\u0130LK YARI)<\/strong><br \/><\/span><\/span><\/span> 10. dakikada Akdeniz temsilcisi \u00f6ne ge\u00e7ti. Samudio&#8217;nun sa\u011f \u00e7aprazdan pas\u0131nda ceza alan\u0131nda topla bulu\u015fan Soner Dikmen, me\u015fin yuvarla\u011f\u0131 a\u011flara g\u00f6nderdi: 1-0<\/p>\n<p> 14. dakikada Fall&#8217;\u0131n sa\u011f \u00e7aprazdan topla bulu\u015fturdu\u011fu Ben Ouanes&#8217;in ceza alan\u0131nda \u015futunda, top \u00fcstten auta \u00e7\u0131kt\u0131.<\/p>\n<p> 18. dakikada Soner Dikmen&#8217;in \u015futunda kaleci Gianniotis&#8217;den d\u00f6nen topu penalt\u0131 noktas\u0131n\u0131n solunda \u00f6n\u00fcnde bulan Larsson&#8217;un vuru\u015funda, Yasin \u00d6zcan me\u015fin yuvarla\u011f\u0131 \u00e7izgiden kornere g\u00f6nderdi.<\/p>\n<p> 42. dakikada mesken sahibi kadro fark\u0131 2&#8217;ye \u00e7\u0131kard\u0131. Sa\u011f kanattan korner at\u0131\u015f\u0131n\u0131 kullanan Kaluzinski&#8217;nin ortas\u0131na \u00e2l\u00e2 y\u00fckselen Samudio&#8217;nun ba\u015fla vuru\u015funda, me\u015fin yuvarlak kaleci Gianniotis&#8217;in solundan filelere gitti: 2-0<\/p>\n<p> M\u00fcsabakan\u0131n birinci yar\u0131s\u0131n\u0131, Onvo Antalyaspor 2-0 \u00f6nde tamamlad\u0131.<\/p>\n<p><strong>MA\u00c7TAN DAK\u0130KALAR (\u0130K\u0130NC\u0130 YARI)<\/p>\n<p><\/strong>B\u0130RAZDAN&#8230;<\/p>\n<p> \u00a0<\/p>\n<p> \u00a0<\/p>\n<p> <span><span><br \/><\/span><\/span><\/div>\n<p><\/p>\n","protected":false},"excerpt":{"rendered":"<p>Trendyol \u00dcst\u00fcn Lig&#8217;in 25. haftas\u0131nda Antalyaspor, konuk etti\u011fi Kas\u0131mpa\u015fa&#8217;y\u0131 2-1 ma\u011flup etti.<\/p>\n","protected":false},"author":1,"featured_media":21946,"comment_status":"open","ping_status":"open","sticky":false,"template":"","format":"standard","meta":{"footnotes":""},"categories":[25],"tags":[256,505,75,50],"class_list":["post-21945","post","type-post","status-publish","format-standard","has-post-thumbnail","hentry","category-futbol","tag-antalyaspor","tag-ceza","tag-kasimpasa","tag-mac"],"_links":{"self":[{"href":"https:\/\/haberbesiktas.tr\/index.php?rest_route=\/wp\/v2\/posts\/21945","targetHints":{"allow":["GET"]}}],"collection":[{"href":"https:\/\/haberbesiktas.tr\/index.php?rest_route=\/wp\/v2\/posts"}],"about":[{"href":"https:\/\/haberbesiktas.tr\/index.php?rest_route=\/wp\/v2\/types\/post"}],"author":[{"embeddable":true,"href":"https:\/\/haberbesiktas.tr\/index.php?rest_route=\/wp\/v2\/users\/1"}],"replies":[{"embeddable":true,"href":"https:\/\/haberbesiktas.tr\/index.php?rest_route=%2Fwp%2Fv2%2Fcomments&post=21945"}],"version-history":[{"count":1,"href":"https:\/\/haberbesiktas.tr\/index.php?rest_route=\/wp\/v2\/posts\/21945\/revisions"}],"predecessor-version":[{"id":21947,"href":"https:\/\/haberbesiktas.tr\/index.php?rest_route=\/wp\/v2\/posts\/21945\/revisions\/21947"}],"wp:featuredmedia":[{"embeddable":true,"href":"https:\/\/haberbesiktas.tr\/index.php?rest_route=\/wp\/v2\/media\/21946"}],"wp:attachment":[{"href":"https:\/\/haberbesiktas.tr\/index.php?rest_route=%2Fwp%2Fv2%2Fmedia&parent=21945"}],"wp:term":[{"taxonomy":"category","embeddable":true,"href":"https:\/\/haberbesiktas.tr\/index.php?rest_route=%2Fwp%2Fv2%2Fcategories&post=21945"},{"taxonomy":"post_tag","embeddable":true,"href":"https:\/\/haberbesiktas.tr\/index.php?rest_route=%2Fwp%2Fv2%2Ftags&post=21945"}],"curies":[{"name":"wp","href":"https:\/\/api.w.org\/{rel}","templated":true}]}}