{"id":2197,"date":"2025-01-09T11:07:23","date_gmt":"2025-01-09T11:07:23","guid":{"rendered":"https:\/\/haberbesiktas.tr\/?p=2197"},"modified":"2025-01-09T11:07:23","modified_gmt":"2025-01-09T11:07:23","slug":"sergen-yalcindan-kardesinin-saglik-durumu-icin-aciklama","status":"publish","type":"post","link":"https:\/\/haberbesiktas.tr\/?p=2197","title":{"rendered":"Sergen Yal\u00e7\u0131n&#8217;dan karde\u015finin sa\u011fl\u0131k durumu i\u00e7in a\u00e7\u0131klama"},"content":{"rendered":"<div>Teknik y\u00f6netici Sergen Yal\u00e7\u0131n, toplumsal medya hesab\u0131ndan karde\u015fi G\u00fcrsoy Yal\u00e7\u0131n ile ilgili bir a\u00e7\u0131klama yapt\u0131.<\/p>\n<p> Yal\u00e7\u0131n, ge\u00e7ti\u011fimiz g\u00fcnlerde hastal\u0131\u011f\u0131n\u0131 nedeniyle a\u011f\u0131r bak\u0131ma kald\u0131r\u0131lan karde\u015fi G\u00fcrsoy Yal\u00e7\u0131n&#8217;\u0131n a\u011f\u0131r bak\u0131mdan \u00e7\u0131kt\u0131\u011f\u0131n\u0131 a\u00e7\u0131klad\u0131.<\/p>\n<p> Sergen Yal\u00e7\u0131n, toplumsal medya hesab\u0131ndan yapt\u0131\u011f\u0131 a\u00e7\u0131klamada, <strong>&#8220;Karde\u015fim G\u00fcrsoy&#8217;un s\u0131hhat durumuyla ilgili endi\u015felenen, a\u011f\u0131r bak\u0131m s\u00fcrecinde takviye olan, aray\u0131p soran, dualar\u0131n\u0131 ve ho\u015f dileklerini eksik etmeyen herkese y\u00fcrekten te\u015fekk\u00fcr ederim. \u00c7ok \u015f\u00fck\u00fcr, karde\u015fim a\u011f\u0131r bak\u0131mdan \u00e7\u0131kt\u0131. Bu \u015fiddetli s\u00fcre\u00e7te yan\u0131m\u0131zda oldu\u011funuz i\u00e7in \u00e7ok te\u015fekk\u00fcr ederiz.&#8221;<\/strong> s\u00f6zlerini kulland\u0131.<\/p>\n<p>https:\/\/twitter.com\/sporxekstra_\/status\/1876707569432940844<\/p>\n<p>  <strong>BE\u015e\u0130KTA\u015e&#8217;I KABUL ETMED\u0130<\/strong><\/p>\n<p> Be\u015fikta\u015f Ba\u015fkan\u0131 Serdal Adal\u0131 ile ge\u00e7ti\u011fimiz pazar g\u00fcn\u00fc g\u00f6r\u00fc\u015fme yapan Sergen Yal\u00e7\u0131n, karde\u015finin hastal\u0131\u011f\u0131 nedeniyle Be\u015fikta\u015f&#8217;\u0131 geri \u00e7evirmi\u015fti<\/p>\n<p><strong>G\u00d6R\u00dc\u015eMEN\u0130N AYRINTILARINI A\u00c7IKLAMI\u015eTI<\/strong><\/p>\n<p> Sergen Yal\u00e7\u0131n, Serdal Adal\u0131 ile yapt\u0131\u011f\u0131 g\u00f6r\u00fc\u015fmenin ayr\u0131nt\u0131lar\u0131n\u0131 a\u00e7\u0131klam\u0131\u015ft\u0131.<\/p>\n<p> Ekol TV&#8217;de konu\u015fan Yal\u00e7\u0131n, <strong>&#8220;Ba\u015fkan ile g\u00f6r\u00fc\u015ft\u00fck. Zati pazartesi g\u00f6r\u00fc\u015fece\u011fiz diye s\u00f6zle\u015fmi\u015ftik. Yanii \u00e7ok konsanstre olamayaca\u011f\u0131m\u0131 s\u00f6yledim lidere. \u015eu anda konsantre olmam gereken \u00e7ok \u00f6b\u00fcr \u015feyler var. Ailem var. S\u0131hhat meseleleri var. Bu i\u015f konsantrasyon isteyen bir i\u015f. Lider da sa\u011f olsun. Anlay\u0131\u015fla kar\u015f\u0131lad\u0131. Maalesef bu periyot i\u00e7in yararl\u0131 olamayaca\u011f\u0131m\u0131 s\u00f6yledim.&#8221;<\/strong> demi\u015fti.<\/p>\n<p> <strong>&#8220;BEN K\u0130MSEY\u0130 BEKLETMED\u0130M&#8221;<br \/><\/strong><br \/>Karde\u015finin tedavisine de\u011finen Yal\u00e7\u0131n,<strong> &#8220;Ben, kimseyi bekletmedim. Karde\u015fim, 2 y\u0131ld\u0131r tedavi g\u00f6r\u00fcyor. G\u00fc\u00e7 bir tedavi ge\u00e7iriyor. Y\u0131lba\u015f\u0131nda burada yoktum, tatildeydim. Y\u0131lba\u015f\u0131ndan 2 g\u00fcn sonra bir anda ambulansla hastaneye kald\u0131rd\u0131k. A\u011f\u0131r bak\u0131ma ald\u0131lar. Hayati tehlikesi vard\u0131. Apar topar geldim zati. Kimseye de hesap verecek de\u011filim. Yaln\u0131zca be\u015ferler bilsin diye s\u00f6yl\u00fcyorum. Aile, her \u015feyden de\u011ferlidir.&#8221;<\/strong> kelamlar\u0131n\u0131 sarf etmi\u015fti.<\/p>\n<p> <strong>&#8220;K\u0130MSEYE HESAP VERECEK DE\u011e\u0130L\u0130M&#8221;<br \/><\/strong><br \/>Sergen Yal\u00e7\u0131n ayr\u0131yeten, &#8220;<strong>Kimseye de hesap verecek falan de\u011filim bu bahisle ilgili. Yaln\u0131zca be\u015ferler bilsin diye s\u00f6yl\u00fcyorum. Yanl\u0131\u015f k\u0131ymetlendirme yapmas\u0131nlar.&#8221; s\u00f6zlerini kulland\u0131 ve &#8220;Kolay de\u011fil ola\u011fan. Aile her \u015feyden k\u0131ymetlidir. Bu t\u00fcrl\u00fc bir durum biz de beklemiyorduk. S\u00fcre\u00e7 daha ola\u011fan masraf diye bekliyorduk lakin bir anda \u00e7ok ani bir \u015fey geldi ba\u015f\u0131na. Bana kelam verdi &#8216;d\u00fczelece\u011fim&#8217; diye. \u0130n\u015fallah.&#8221;<\/strong> demi\u015fti.<\/p>\n<p> <strong>&#8220;SIKINTILI B\u0130R S\u00dcRE\u00c7 OLMASA FARKLI OLAB\u0130L\u0130RD\u0130&#8221;<br \/><\/strong><br \/>Deneyimli teknik y\u00f6netici son olarak, <strong>&#8220;Ben hi\u00e7bir vakit &#8216;geliyorum&#8217; demedim kimseye. Hi\u00e7bir vakit da pe\u015fin konu\u015fmad\u0131m. Ben yaln\u0131zca pazar g\u00fcn\u00fc liderle g\u00f6r\u00fc\u015fece\u011fimizi s\u00f6yledim, o kadar. Di\u011fer hi\u00e7bir \u015fey s\u00f6ylemedim. Hakikaten bu kadar k\u00fclfetli bir s\u00fcre\u00e7 olmasayd\u0131 durum tahminen de farkl\u0131 olabilirdi lakin \u015fu anda d\u00fc\u015f\u00fcnmem gereken tek \u015fey ailem. Kafay\u0131 \u00f6b\u00fcr yere kayd\u0131rmam \u00e7ok g\u00fc\u00e7 \u015fu anda.&#8221;<\/strong> s\u00f6zlerini kullanm\u0131\u015ft\u0131.<\/p>\n<\/div>\n","protected":false},"excerpt":{"rendered":"<p>Sergen Yal\u00e7\u0131n, karde\u015fi G\u00fcrsoy Yal\u00e7\u0131n&#8217;\u0131n a\u011f\u0131r bak\u0131mdan \u00e7\u0131kt\u0131\u011f\u0131n\u0131 a\u00e7\u0131klad\u0131.<\/p>\n","protected":false},"author":1,"featured_media":0,"comment_status":"open","ping_status":"open","sticky":false,"template":"","format":"standard","meta":{"footnotes":""},"categories":[25],"tags":[250,249,252,251,253],"class_list":["post-2197","post","type-post","status-publish","format-standard","hentry","category-futbol","tag-anda","tag-kardesi","tag-sergen-yalcin","tag-yalcin","tag-yogun-bakim"],"_links":{"self":[{"href":"https:\/\/haberbesiktas.tr\/index.php?rest_route=\/wp\/v2\/posts\/2197","targetHints":{"allow":["GET"]}}],"collection":[{"href":"https:\/\/haberbesiktas.tr\/index.php?rest_route=\/wp\/v2\/posts"}],"about":[{"href":"https:\/\/haberbesiktas.tr\/index.php?rest_route=\/wp\/v2\/types\/post"}],"author":[{"embeddable":true,"href":"https:\/\/haberbesiktas.tr\/index.php?rest_route=\/wp\/v2\/users\/1"}],"replies":[{"embeddable":true,"href":"https:\/\/haberbesiktas.tr\/index.php?rest_route=%2Fwp%2Fv2%2Fcomments&post=2197"}],"version-history":[{"count":1,"href":"https:\/\/haberbesiktas.tr\/index.php?rest_route=\/wp\/v2\/posts\/2197\/revisions"}],"predecessor-version":[{"id":2198,"href":"https:\/\/haberbesiktas.tr\/index.php?rest_route=\/wp\/v2\/posts\/2197\/revisions\/2198"}],"wp:attachment":[{"href":"https:\/\/haberbesiktas.tr\/index.php?rest_route=%2Fwp%2Fv2%2Fmedia&parent=2197"}],"wp:term":[{"taxonomy":"category","embeddable":true,"href":"https:\/\/haberbesiktas.tr\/index.php?rest_route=%2Fwp%2Fv2%2Fcategories&post=2197"},{"taxonomy":"post_tag","embeddable":true,"href":"https:\/\/haberbesiktas.tr\/index.php?rest_route=%2Fwp%2Fv2%2Ftags&post=2197"}],"curies":[{"name":"wp","href":"https:\/\/api.w.org\/{rel}","templated":true}]}}