{"id":2199,"date":"2025-01-09T11:43:16","date_gmt":"2025-01-09T11:43:16","guid":{"rendered":"https:\/\/haberbesiktas.tr\/?p=2199"},"modified":"2025-01-09T11:43:16","modified_gmt":"2025-01-09T11:43:16","slug":"omer-erdogandan-yabanci-hakem-yaniti","status":"publish","type":"post","link":"https:\/\/haberbesiktas.tr\/?p=2199","title":{"rendered":"\u00d6mer Erdo\u011fan&#8217;dan yabanc\u0131 hakem yan\u0131t\u0131!"},"content":{"rendered":"<div>Ziraat T\u00fcrkiye Kupas\u0131 D K\u00fcmesi birinci hafta ma\u00e7\u0131nda Be\u015fikta\u015f&#8217;a 1-0 ma\u011flup olan Net K\u00fcresel Sivasspor&#8217;da teknik y\u00f6netici \u00d6mer Erdo\u011fan, yenilgisi hak etmediklerini s\u00f6yledi.<\/p>\n<p> Erdo\u011fan, m\u00fcsabakan\u0131n akabinde BG K\u00fcme 4 Eyl\u00fcl Stadyumu&#8217;nda d\u00fczenlenen bas\u0131n toplant\u0131s\u0131nda oyuncular\u0131n\u0131 verdikleri \u00e7abadan \u00f6t\u00fcr\u00fc tebrik etti.<\/p>\n<p> Kupan\u0131n birinci ma\u00e7\u0131nda alanlar\u0131nda galip gelmeyi arzulad\u0131klar\u0131n\u0131 lisana getiren Erdo\u011fan, <strong>&#8220;Maalesef 1-0 ma\u011flup olduk, hak ettik mi bence hak etmedik. Zira genelde istikrarl\u0131 bir oyun oldu\u011funu d\u00fc\u015f\u00fcn\u00fcyorum. Kora kor bir \u00e7aba vard\u0131. Be\u015fikta\u015f&#8217;\u0131 tahlil ederken belki ligde sorunlu bir s\u00fcre\u00e7ten ge\u00e7iyorlar lakin bir ger\u00e7ek var, \u00e7ok kaliteli ve deneyimli oyunculara sahipler.&#8221;<\/strong> dedi.<\/p>\n<p><strong>&#8220;MA\u00c7IN HAKKI BU DE\u011e\u0130L&#8221;<\/strong><\/p>\n<p> Erdo\u011fan, rakibe nazaran \u00e7al\u0131\u015fmalar yapt\u0131klar\u0131n\u0131, bilhassa top rakipteyken nas\u0131l kar\u015f\u0131layacaklar\u0131 ve topu kazand\u0131ktan sonra hangi formda hamle yapacaklar\u0131yla ilgili tertipler \u00e7al\u0131\u015ft\u0131klar\u0131n\u0131 s\u00f6z etti.<\/p>\n<p> Savunma k\u0131sm\u0131nda rakibe gol d\u0131\u015f\u0131nda \u00e7ok net f\u0131rsat vermediklerini aktaran Erdo\u011fan,<strong> &#8220;Daha \u00e7ok net duruma girebilirdik. Fakat ona kar\u015f\u0131n yakalad\u0131\u011f\u0131m\u0131z f\u0131rsatlar, direkten d\u00f6nen toplar, maalesef topta bug\u00fcn bizi sevmedi. Ma\u00e7\u0131n hakk\u0131 katiyen 1-0 de\u011fildi.&#8221;<\/strong> diye konu\u015ftu.<\/p>\n<p><strong>TRANSFER, YABANCI HAKEM<\/strong><\/p>\n<p> Erdo\u011fan, Be\u015fikta\u015f kalecisi Mert G\u00fcnok&#8217;u kurtar\u0131\u015flar\u0131ndan \u00f6t\u00fcr\u00fc tebrik etti.<\/p>\n<p> Transfer \u00e7al\u0131\u015fmalar\u0131na da de\u011finen Erdo\u011fan,<strong> &#8220;Transfer yapmam\u0131z gerekiyor. Hamle manas\u0131nda ofansif manada transfer yapmaya \u00e7al\u0131\u015faca\u011f\u0131z. Niyetimiz 3 yada 4 oyuncu al\u0131p ekibi g\u00fc\u00e7lendirmek.<\/strong>&#8221; s\u00f6zlerini kulland\u0131.<\/p>\n<p> Erdo\u011fan, yabanc\u0131 hakem niyetinin sorulmas\u0131 \u00fczerine de &#8220;<strong>Kendi insan\u0131m\u0131za daha \u00e7ok g\u00fcveniyorum. Bu \u00e7a\u011fda bu i\u015fleri kendimizin de halledebilece\u011fini d\u00fc\u015f\u00fcn\u00fcyorum.&#8221;<\/strong> de\u011ferlendirmesinde bulundu.<\/p>\n<\/div>\n","protected":false},"excerpt":{"rendered":"<p>Sivasspor Teknik Y\u00f6neticisi \u00d6mer Erdo\u011fan, Be\u015fikta\u015f m\u00fcsabakas\u0131 sonras\u0131 konu\u015ftu.<\/p>\n","protected":false},"author":1,"featured_media":0,"comment_status":"open","ping_status":"open","sticky":false,"template":"","format":"standard","meta":{"footnotes":""},"categories":[25],"tags":[254,63,78],"class_list":["post-2199","post","type-post","status-publish","format-standard","hentry","category-futbol","tag-erdogan","tag-hak","tag-top"],"_links":{"self":[{"href":"https:\/\/haberbesiktas.tr\/index.php?rest_route=\/wp\/v2\/posts\/2199","targetHints":{"allow":["GET"]}}],"collection":[{"href":"https:\/\/haberbesiktas.tr\/index.php?rest_route=\/wp\/v2\/posts"}],"about":[{"href":"https:\/\/haberbesiktas.tr\/index.php?rest_route=\/wp\/v2\/types\/post"}],"author":[{"embeddable":true,"href":"https:\/\/haberbesiktas.tr\/index.php?rest_route=\/wp\/v2\/users\/1"}],"replies":[{"embeddable":true,"href":"https:\/\/haberbesiktas.tr\/index.php?rest_route=%2Fwp%2Fv2%2Fcomments&post=2199"}],"version-history":[{"count":1,"href":"https:\/\/haberbesiktas.tr\/index.php?rest_route=\/wp\/v2\/posts\/2199\/revisions"}],"predecessor-version":[{"id":2200,"href":"https:\/\/haberbesiktas.tr\/index.php?rest_route=\/wp\/v2\/posts\/2199\/revisions\/2200"}],"wp:attachment":[{"href":"https:\/\/haberbesiktas.tr\/index.php?rest_route=%2Fwp%2Fv2%2Fmedia&parent=2199"}],"wp:term":[{"taxonomy":"category","embeddable":true,"href":"https:\/\/haberbesiktas.tr\/index.php?rest_route=%2Fwp%2Fv2%2Fcategories&post=2199"},{"taxonomy":"post_tag","embeddable":true,"href":"https:\/\/haberbesiktas.tr\/index.php?rest_route=%2Fwp%2Fv2%2Ftags&post=2199"}],"curies":[{"name":"wp","href":"https:\/\/api.w.org\/{rel}","templated":true}]}}