{"id":2201,"date":"2025-01-09T11:55:36","date_gmt":"2025-01-09T11:55:36","guid":{"rendered":"https:\/\/haberbesiktas.tr\/?p=2201"},"modified":"2025-01-09T11:55:36","modified_gmt":"2025-01-09T11:55:36","slug":"galatasarayda-yeni-hedef-amine-gouiri","status":"publish","type":"post","link":"https:\/\/haberbesiktas.tr\/?p=2201","title":{"rendered":"Galatasaray&#8217;da yeni hedef: Amine Gouiri"},"content":{"rendered":"<div>Ara transfer devrinde hamle \u00e7izgisine destek yapmak isteyen Galatasaray, yeni gayesini belirledi.<\/p>\n<p> Frans\u0131z bas\u0131n\u0131ndan Foot Mercato, Galatasaray&#8217;\u0131n, Rennes formas\u0131 giyen Amine Gouiri ile ilgilendi\u011fini duyurdu.<\/p>\n<p> <strong>BU D\u00d6NEM PERFORMANSI<\/strong><\/p>\n<p> As\u0131l mevkisi santrfor olan Amine Gouiri, sol kanat ve forvet ard\u0131nda da vazife alabiliyor.<\/p>\n<p> Rennes formas\u0131 alt\u0131nda bu d\u00f6nem 16 ma\u00e7ta m\u00fcddet bulan 24 ya\u015f\u0131ndaki Gouiri, 2 gol att\u0131 ve 1 asist yapt\u0131.<\/p>\n<p> <strong>S\u00d6ZLE\u015eMES\u0130, P\u0130YASA DE\u011eER\u0130<\/strong><\/p>\n<p> Rennes, Amine Gouiri&#8217;yi 2022 yaz transfer periyodunda Nice&#8217;ten 28 milyon euro bonservis bedeliyle tak\u0131m\u0131na katm\u0131\u015ft\u0131. \u015eimdiki piyasa bedeli 20 milyon euro olarak g\u00f6sterilen Amine Gouiri&#8217;nin Rennes ile mukavelesi 2027 y\u0131l\u0131na kadar devam ediyor.<\/p>\n<p> <strong>OKAN BURUK NE DEM\u0130\u015eT\u0130?<\/strong><\/p>\n<p> Galatasaray Teknik Y\u00f6neticisi Okan Buruk, G\u00f6ztepe m\u00fcsabakas\u0131n\u0131n akabinde transfer i\u00e7in, <strong>&#8220;Mauro Icardi sakatlan\u0131nca onun profiline yak\u0131n ancak daha hareketli bir oyuncu bak\u0131yoruz. Hem kanatlarda hem merkezde kullanabilece\u011fimiz bir oyuncu istiyoruz. Elimdeki oyunculardan \u00e7ok mutluyum. Avrupa&#8217;da ve kupada muvaffakiyet sa\u011flamak i\u00e7in tak\u0131m\u0131n geni\u015f olmas\u0131 gerekiyor. Savunmaya ve hamleye destek yapmak istiyoruz.&#8221;<\/strong> demi\u015fti.<\/p>\n<\/div>\n","protected":false},"excerpt":{"rendered":"<p>Galatasaray, Rennes formas\u0131 giyen 24 ya\u015f\u0131ndaki Amine Gouiri ile ilgileniyor.<\/p>\n","protected":false},"author":1,"featured_media":0,"comment_status":"open","ping_status":"open","sticky":false,"template":"","format":"standard","meta":{"footnotes":""},"categories":[25],"tags":[255],"class_list":["post-2201","post","type-post","status-publish","format-standard","hentry","category-futbol","tag-gouiri"],"_links":{"self":[{"href":"https:\/\/haberbesiktas.tr\/index.php?rest_route=\/wp\/v2\/posts\/2201","targetHints":{"allow":["GET"]}}],"collection":[{"href":"https:\/\/haberbesiktas.tr\/index.php?rest_route=\/wp\/v2\/posts"}],"about":[{"href":"https:\/\/haberbesiktas.tr\/index.php?rest_route=\/wp\/v2\/types\/post"}],"author":[{"embeddable":true,"href":"https:\/\/haberbesiktas.tr\/index.php?rest_route=\/wp\/v2\/users\/1"}],"replies":[{"embeddable":true,"href":"https:\/\/haberbesiktas.tr\/index.php?rest_route=%2Fwp%2Fv2%2Fcomments&post=2201"}],"version-history":[{"count":1,"href":"https:\/\/haberbesiktas.tr\/index.php?rest_route=\/wp\/v2\/posts\/2201\/revisions"}],"predecessor-version":[{"id":2202,"href":"https:\/\/haberbesiktas.tr\/index.php?rest_route=\/wp\/v2\/posts\/2201\/revisions\/2202"}],"wp:attachment":[{"href":"https:\/\/haberbesiktas.tr\/index.php?rest_route=%2Fwp%2Fv2%2Fmedia&parent=2201"}],"wp:term":[{"taxonomy":"category","embeddable":true,"href":"https:\/\/haberbesiktas.tr\/index.php?rest_route=%2Fwp%2Fv2%2Fcategories&post=2201"},{"taxonomy":"post_tag","embeddable":true,"href":"https:\/\/haberbesiktas.tr\/index.php?rest_route=%2Fwp%2Fv2%2Ftags&post=2201"}],"curies":[{"name":"wp","href":"https:\/\/api.w.org\/{rel}","templated":true}]}}