{"id":2205,"date":"2025-01-09T12:55:47","date_gmt":"2025-01-09T12:55:47","guid":{"rendered":"https:\/\/haberbesiktas.tr\/?p=2205"},"modified":"2025-01-09T12:55:47","modified_gmt":"2025-01-09T12:55:47","slug":"bakan-kurum-besiktas-baskani-serdal-adali-ile-gorustu","status":"publish","type":"post","link":"https:\/\/haberbesiktas.tr\/?p=2205","title":{"rendered":"Bakan Kurum, Be\u015fikta\u015f Ba\u015fkan\u0131 Serdal Adal\u0131 ile g\u00f6r\u00fc\u015ft\u00fc"},"content":{"rendered":"<div>\u00c7evre, \u015eehircilik ve \u0130klim De\u011fi\u015fikli\u011fi Bakan\u0131 Murat Kurum, Be\u015fikta\u015f Kul\u00fcb\u00fc ba\u015fkanl\u0131\u011f\u0131na se\u00e7ilen Serdal Adal\u0131 ile g\u00f6r\u00fc\u015ft\u00fc.<\/p>\n<p> Kurum, toplumsal medya hesab\u0131ndan yapt\u0131\u011f\u0131 payla\u015f\u0131mda, &#8220;Be\u015fikta\u015f Jimnastik Kul\u00fcb\u00fc yeni lideri Serdal Adal\u0131&#8217;y\u0131 Bakanl\u0131\u011f\u0131m\u0131zda a\u011f\u0131rlad\u0131k. Pek \u00e7ok bran\u015fta say\u0131s\u0131z muvaffakiyete imza atm\u0131\u015f, \u00fclkemizin k\u0131ymetli spor kul\u00fcplerinden biri olan Be\u015fikta\u015f&#8217;a, atletlerimize ve de\u011ferli toplulu\u011fumuza; say\u0131n Adal\u0131&#8217;ya yeni g\u00f6revinde muvaffakiyetler diliyorum.&#8221; s\u00f6z\u00fcn\u00fc kulland\u0131.<\/p>\n<\/div>\n","protected":false},"excerpt":{"rendered":"<p>Etraf, \u015eehircilik ve \u0130klim De\u011fi\u015fikli\u011fi Bakan\u0131 Murat Kurum, Be\u015fikta\u015f Kul\u00fcb\u00fc ba\u015fkanl\u0131\u011f\u0131na se\u00e7ilen Serdal Adal\u0131 ile bir ortaya geldi.<\/p>\n","protected":false},"author":1,"featured_media":0,"comment_status":"open","ping_status":"open","sticky":false,"template":"","format":"standard","meta":{"footnotes":""},"categories":[25],"tags":[],"class_list":["post-2205","post","type-post","status-publish","format-standard","hentry","category-futbol"],"_links":{"self":[{"href":"https:\/\/haberbesiktas.tr\/index.php?rest_route=\/wp\/v2\/posts\/2205","targetHints":{"allow":["GET"]}}],"collection":[{"href":"https:\/\/haberbesiktas.tr\/index.php?rest_route=\/wp\/v2\/posts"}],"about":[{"href":"https:\/\/haberbesiktas.tr\/index.php?rest_route=\/wp\/v2\/types\/post"}],"author":[{"embeddable":true,"href":"https:\/\/haberbesiktas.tr\/index.php?rest_route=\/wp\/v2\/users\/1"}],"replies":[{"embeddable":true,"href":"https:\/\/haberbesiktas.tr\/index.php?rest_route=%2Fwp%2Fv2%2Fcomments&post=2205"}],"version-history":[{"count":1,"href":"https:\/\/haberbesiktas.tr\/index.php?rest_route=\/wp\/v2\/posts\/2205\/revisions"}],"predecessor-version":[{"id":2206,"href":"https:\/\/haberbesiktas.tr\/index.php?rest_route=\/wp\/v2\/posts\/2205\/revisions\/2206"}],"wp:attachment":[{"href":"https:\/\/haberbesiktas.tr\/index.php?rest_route=%2Fwp%2Fv2%2Fmedia&parent=2205"}],"wp:term":[{"taxonomy":"category","embeddable":true,"href":"https:\/\/haberbesiktas.tr\/index.php?rest_route=%2Fwp%2Fv2%2Fcategories&post=2205"},{"taxonomy":"post_tag","embeddable":true,"href":"https:\/\/haberbesiktas.tr\/index.php?rest_route=%2Fwp%2Fv2%2Ftags&post=2205"}],"curies":[{"name":"wp","href":"https:\/\/api.w.org\/{rel}","templated":true}]}}