{"id":22056,"date":"2025-04-21T11:48:06","date_gmt":"2025-04-21T11:48:06","guid":{"rendered":"https:\/\/haberbesiktas.tr\/?p=22056"},"modified":"2025-04-21T11:48:06","modified_gmt":"2025-04-21T11:48:06","slug":"ilhan-palut-uc-puan-cok-onemliydi","status":"publish","type":"post","link":"https:\/\/haberbesiktas.tr\/?p=22056","title":{"rendered":"\u0130lhan Palut: &#8220;\u00dc\u00e7 puan \u00e7ok \u00f6nemliydi&#8221;"},"content":{"rendered":"<div>\n<p>Trendyol Harika Lig&#8217;in 25. haftas\u0131nda konuk oldu\u011fu Reeder Samsunspor&#8217;u 3-2 yenen \u00c7aykur Rizespor&#8217;da teknik y\u00f6netici \u0130lhan Palut, k\u0131ymetli bir galibiyet elde ettiklerini s\u00f6yledi.<\/p>\n<p> M\u00fcsabakan\u0131n akabinde d\u00fczenlenen bas\u0131n toplant\u0131s\u0131nda a\u00e7\u0131klamada bulunan Palut, Samsunspor&#8217;un ligin \u00e2l\u00e2 tak\u0131mlar\u0131ndan biri oldu\u011funu lisana getirdi.<\/p>\n<p> Samsunspor&#8217;un fizik g\u00fcc\u00fcn\u00fcn y\u00fcksek oldu\u011funu anlatan Palut, <strong>&#8220;Ligin son d\u00f6nemine bakt\u0131\u011f\u0131m\u0131z vakit asl\u0131nda fikst\u00fcr olarak kolay de\u011fil. Be\u015f haftan\u0131n d\u00f6rd\u00fcnde Ba\u015fak\u015fehir, Samsun, Fenerbah\u00e7e ve Galatasaray&#8217;la oynayaca\u011f\u0131m\u0131z bir fikst\u00fcr. Ma\u00e7lar\u0131n i\u00e7ine girdi\u011fimiz vakit hi\u00e7bir ma\u00e7ta rakibe \u00fcst\u00fcnl\u00fc\u011f\u00fc vermeyen bizdik. Lakin k\u0131r\u0131lma anlar\u0131n\u0131n aleyhimize geli\u015fmesi, son dakika golleri ya da alanda eksik kalmalar\u0131m\u0131z \u00fczere&#8230; Bu d\u00f6nemi oyun olarak ba\u015f ba\u015fa ge\u00e7sek de sonu\u00e7 olarak \u00e7ok makus s\u00fcrd\u00fcr\u00fcyorduk. Bu d\u00f6nemin bir sonraki ma\u00e7\u0131 ligin fla\u015f grubu Samsunspor&#8217;a kar\u015f\u0131 Samsun&#8217;dayd\u0131. Bu da aya\u011fa kalkma ma\u00e7\u0131 olarak ka\u011f\u0131t \u00fczerinde nitekim s\u0131k\u0131nt\u0131 bir ma\u00e7t\u0131.&#8221;<\/strong> diye konu\u015ftu.<\/p>\n<p> \u0130lhan Palut, Samsunspor&#8217;un alan\u0131nda g\u00fczel oynad\u0131\u011f\u0131n\u0131 vurgulayarak,<strong> &#8220;\u00d6zellikle ma\u00e7 ba\u015flang\u0131c\u0131na \u00e7ok dikkat etmek istedik. \u015eanss\u0131z bir golle de olsa 1-0 geriye d\u00fc\u015ft\u00fck. Daha sonra aya\u011f\u0131m\u0131zdaki topu kapt\u0131r\u0131p ikinci gol\u00fc yedik. Birinci yar\u0131 2-0 bitti. Birinci yar\u0131 istikrarl\u0131 bir oyun formundayd\u0131. Hem s\u0131k\u0131nt\u0131 ma\u00e7 hem deplasman hem de formda bir rakip. Bir \u015feyler yapmam\u0131z gerekiyordu. Asl\u0131nda birinci yar\u0131 bir oyuncu de\u011fi\u015fiklik hakk\u0131m\u0131z\u0131 kullanm\u0131\u015ft\u0131k. 3 de\u011fi\u015fiklik yapt\u0131m ve sistemi de\u011fi\u015ftirdim. Gayem bir kez alandaki enerjiyi de\u011fi\u015ftirmek, rakibin bizim ismimize d\u00fc\u015f\u00fcnd\u00fc\u011f\u00fc oyun ezberini sekteye u\u011fratmakt\u0131.&#8221;<\/strong> tabirlerini kulland\u0131.\u00a0<\/p>\n<p> Yapt\u0131klar\u0131 de\u011fi\u015fikliklerle 3 gol bulduklar\u0131n\u0131 belirten Palut, \u015funlar\u0131 kaydetti:\u00a0<\/p>\n<p> <strong>&#8220;Her \u015feyden evvel 3 puana gereksinimimiz vard\u0131. Makus bir d\u00f6nem ya\u015fad\u0131k ve ligin taban\u0131na ger\u00e7ek yakla\u015fmaya ba\u015flam\u0131\u015ft\u0131k. Hala da bu hususta rahat oldu\u011fumuzu s\u00f6yleyemem. \u00dc\u00e7 puan \u00e7ok k\u0131ymetliydi. Bu t\u00fcrl\u00fc yeterli bir kadroya kar\u015f\u0131 geriden gelip kazanmak, ikinci yar\u0131 alanda yeterli \u00e7aba etmek, ekibime in\u015fallah bundan sonraki s\u00fcre\u00e7te \u00f6z inan\u00e7 olarak yans\u0131yacakt\u0131r. Zira Rizespor&#8217;un en b\u00fcy\u00fck sorunu ma\u00e7lar ortas\u0131 istikrars\u0131zl\u0131k, oyunun i\u00e7inde devreler ortas\u0131 istikrars\u0131zl\u0131k ve oyunun belirli d\u00f6nemlerinde bir anda alandan kaybolan bir kadro imaj\u0131yd\u0131. Bu, bize istikrar\u0131n ne kadar de\u011ferli oldu\u011funu g\u00f6steren bir ma\u00e7 oldu. Buradan kar olarak 3 puan\u0131n al\u0131p cebimize koymam\u0131z gerekiyor. Oyuncular\u0131m\u0131 kutluyorum.&#8221;\u00a0<\/strong><\/p>\n<p> Bu ortada ma\u00e7\u0131n birinci yar\u0131s\u0131nda sakatlanarak oyundan \u00e7\u0131kan \u00c7aykur Rizesporlu futbolcu <strong>Papanikolaou<\/strong>&#8216;un omuzunun \u00e7\u0131kt\u0131\u011f\u0131 bildirildi.<\/p>\n<\/div>\n<p><\/p>\n","protected":false},"excerpt":{"rendered":"<p>\u00c7aykur Rizespor Teknik Y\u00f6neticisi \u0130lhan Palut, Samsunspor ma\u00e7\u0131n\u0131n akabinde a\u00e7\u0131klamalarda bulundu.<\/p>\n","protected":false},"author":1,"featured_media":22057,"comment_status":"open","ping_status":"open","sticky":false,"template":"","format":"standard","meta":{"footnotes":""},"categories":[25],"tags":[213,50,43,540],"class_list":["post-22056","post","type-post","status-publish","format-standard","has-post-thumbnail","hentry","category-futbol","tag-bas","tag-mac","tag-oyun","tag-palut"],"_links":{"self":[{"href":"https:\/\/haberbesiktas.tr\/index.php?rest_route=\/wp\/v2\/posts\/22056","targetHints":{"allow":["GET"]}}],"collection":[{"href":"https:\/\/haberbesiktas.tr\/index.php?rest_route=\/wp\/v2\/posts"}],"about":[{"href":"https:\/\/haberbesiktas.tr\/index.php?rest_route=\/wp\/v2\/types\/post"}],"author":[{"embeddable":true,"href":"https:\/\/haberbesiktas.tr\/index.php?rest_route=\/wp\/v2\/users\/1"}],"replies":[{"embeddable":true,"href":"https:\/\/haberbesiktas.tr\/index.php?rest_route=%2Fwp%2Fv2%2Fcomments&post=22056"}],"version-history":[{"count":1,"href":"https:\/\/haberbesiktas.tr\/index.php?rest_route=\/wp\/v2\/posts\/22056\/revisions"}],"predecessor-version":[{"id":22058,"href":"https:\/\/haberbesiktas.tr\/index.php?rest_route=\/wp\/v2\/posts\/22056\/revisions\/22058"}],"wp:featuredmedia":[{"embeddable":true,"href":"https:\/\/haberbesiktas.tr\/index.php?rest_route=\/wp\/v2\/media\/22057"}],"wp:attachment":[{"href":"https:\/\/haberbesiktas.tr\/index.php?rest_route=%2Fwp%2Fv2%2Fmedia&parent=22056"}],"wp:term":[{"taxonomy":"category","embeddable":true,"href":"https:\/\/haberbesiktas.tr\/index.php?rest_route=%2Fwp%2Fv2%2Fcategories&post=22056"},{"taxonomy":"post_tag","embeddable":true,"href":"https:\/\/haberbesiktas.tr\/index.php?rest_route=%2Fwp%2Fv2%2Ftags&post=22056"}],"curies":[{"name":"wp","href":"https:\/\/api.w.org\/{rel}","templated":true}]}}