{"id":22099,"date":"2025-04-21T14:24:09","date_gmt":"2025-04-21T14:24:09","guid":{"rendered":"https:\/\/haberbesiktas.tr\/?p=22099"},"modified":"2025-04-21T14:24:09","modified_gmt":"2025-04-21T14:24:09","slug":"manchester-city-liverpool-muhtemel-11ler","status":"publish","type":"post","link":"https:\/\/haberbesiktas.tr\/?p=22099","title":{"rendered":"Manchester City &#8211; Liverpool: Muhtemel 11&#8217;ler"},"content":{"rendered":"<div>\u0130ngiltere Premier Lig&#8217;in 26. haftas\u0131nda Manchester City ile Liverpool kar\u015f\u0131 kar\u015f\u0131ya gelecek.<\/p>\n<p> Etihad Stadyumu&#8217;nda oynananacak u\u011fra\u015f TS\u0130 19.30&#8217;da ba\u015flayacak. \u00c7abay\u0131 Manchester do\u011fumlu hakem Anthony Taylor y\u00f6netecek. Kritik ma\u00e7, beIN Sports 3&#8217;ten yay\u0131nlanacak.<\/p>\n<p><span><strong>1000 TL&#8217;YE VARAN \u00d6ZEL BONUSLARLA TUTTUR&#8217;DA OYNA!<\/strong><\/span><\/p>\n<p><img decoding=\"async\" src=\"https:\/\/haberbesiktas.tr\/wp-content\/uploads\/2025\/04\/manchester-city-liverpool-muhtemel-11ler-0-3RcAjFxV.png\"\/><br \/><img decoding=\"async\" src=\"https:\/\/haberbesiktas.tr\/wp-content\/uploads\/2025\/04\/manchester-city-liverpool-muhtemel-11ler-1-rjmjcyaZ.png\"\/><\/p>\n<p> <strong>MUHTEMEL 11&#8217;LER<\/strong><\/p>\n<p> <strong>Manchester City:<\/strong> Ederson; Khusanov, Dias, Ake, Gvardiol; Gonzalez, Bernardo, Foden; Savinho, Marmoush, Haaland<\/p>\n<p> <strong>Liverpool:<\/strong> Alisson; Alexander-Arnold, Konate, Van Dijk, Robertson; Gravenberch, Szoboszlai, Mac Allister; Salah, Diaz, Jota<\/p>\n<p> <strong>EKS\u0130KLER<\/strong><\/p>\n<p> Hafta ortas\u0131ndaki Real Madrid yenilgisinin yaln\u0131zca sekizinci dakikas\u0131nda ya\u015fad\u0131\u011f\u0131 sakatl\u0131\u011f\u0131 nedeniyle ameliyat olmas\u0131 gerekebilecek olan John Stones&#8217;un yan\u0131 s\u0131ra Manuel Akanji, Oscar Bobb ve Rodri forma giyemeyecek.<\/p>\n<p> Liverpool&#8217;un son iki Premier Lig ma\u00e7\u0131nda sakatl\u0131\u011f\u0131 nedeniyle forma giyemeyen Cody Gakpo, Joe Gomez, Conor Bradley ve Tyler Morton&#8217;un da bu ma\u00e7ta forma giymesi beklenmiyor.<\/p>\n<p> <strong>MA\u00c7 \u00d6NCES\u0130 FORM DURUMLARI<\/strong><\/p>\n<p> Liverpool, bu d\u00f6nem 26 ma\u00e7ta ald\u0131\u011f\u0131 61 puanla en yak\u0131n takip\u00e7isi Arsenal&#8217;in 8 puan \u00f6n\u00fcnde ba\u015fkan durumda bulunuyor. Bu d\u00f6nem beklentilerin \u00e7ok uza\u011f\u0131nda bulunan Manchester City, 44 puanla tepenin 17 puan ard\u0131na d\u00fc\u015ft\u00fc.<\/p>\n<p> Liverpool, d\u00f6nemin birinci yar\u0131s\u0131nda Manchester City&#8217;e kar\u015f\u0131 Anfield&#8217;da 3-0&#8217;l\u0131k skorla ma\u011flup etti.<\/p>\n<p> <strong>15 YILLIK SER\u0130Y\u0130 B\u0130T\u0130RMEK \u0130ST\u0130YORLAR<\/strong><\/p>\n<p> K\u0131rm\u0131z\u0131lar, 2015&#8217;ten bu yana Manchester City&#8217;i deplasmanda birinci kere ma\u011flup etmek i\u00e7in alanda olacak.<\/p>\n<\/div>\n<p><\/p>\n","protected":false},"excerpt":{"rendered":"<p>\u0130ngiltere Premier Lig&#8217;de Manchester City ile Liverpool kar\u015f\u0131 kar\u015f\u0131ya gelecek. \u0130\u015fte ma\u00e7tan son ayr\u0131nt\u0131lar&#8230;<\/p>\n","protected":false},"author":1,"featured_media":22100,"comment_status":"open","ping_status":"open","sticky":false,"template":"","format":"standard","meta":{"footnotes":""},"categories":[25],"tags":[96,50,869],"class_list":["post-22099","post","type-post","status-publish","format-standard","has-post-thumbnail","hentry","category-futbol","tag-liverpool","tag-mac","tag-manchester-city"],"_links":{"self":[{"href":"https:\/\/haberbesiktas.tr\/index.php?rest_route=\/wp\/v2\/posts\/22099","targetHints":{"allow":["GET"]}}],"collection":[{"href":"https:\/\/haberbesiktas.tr\/index.php?rest_route=\/wp\/v2\/posts"}],"about":[{"href":"https:\/\/haberbesiktas.tr\/index.php?rest_route=\/wp\/v2\/types\/post"}],"author":[{"embeddable":true,"href":"https:\/\/haberbesiktas.tr\/index.php?rest_route=\/wp\/v2\/users\/1"}],"replies":[{"embeddable":true,"href":"https:\/\/haberbesiktas.tr\/index.php?rest_route=%2Fwp%2Fv2%2Fcomments&post=22099"}],"version-history":[{"count":1,"href":"https:\/\/haberbesiktas.tr\/index.php?rest_route=\/wp\/v2\/posts\/22099\/revisions"}],"predecessor-version":[{"id":22103,"href":"https:\/\/haberbesiktas.tr\/index.php?rest_route=\/wp\/v2\/posts\/22099\/revisions\/22103"}],"wp:featuredmedia":[{"embeddable":true,"href":"https:\/\/haberbesiktas.tr\/index.php?rest_route=\/wp\/v2\/media\/22100"}],"wp:attachment":[{"href":"https:\/\/haberbesiktas.tr\/index.php?rest_route=%2Fwp%2Fv2%2Fmedia&parent=22099"}],"wp:term":[{"taxonomy":"category","embeddable":true,"href":"https:\/\/haberbesiktas.tr\/index.php?rest_route=%2Fwp%2Fv2%2Fcategories&post=22099"},{"taxonomy":"post_tag","embeddable":true,"href":"https:\/\/haberbesiktas.tr\/index.php?rest_route=%2Fwp%2Fv2%2Ftags&post=22099"}],"curies":[{"name":"wp","href":"https:\/\/api.w.org\/{rel}","templated":true}]}}