{"id":22104,"date":"2025-04-21T14:36:08","date_gmt":"2025-04-21T14:36:08","guid":{"rendered":"https:\/\/haberbesiktas.tr\/?p=22104"},"modified":"2025-04-21T14:36:08","modified_gmt":"2025-04-21T14:36:08","slug":"a-milli-basketbol-takimi-grup-ikinciligi-icin-izlandaya-konuk","status":"publish","type":"post","link":"https:\/\/haberbesiktas.tr\/?p=22104","title":{"rendered":"A Milli Basketbol Tak\u0131m\u0131, grup ikincili\u011fi i\u00e7in \u0130zlanda&#8217;ya konuk"},"content":{"rendered":"<div>\n<p>A Ulusal Erkek Basketbol Kadrosu, 2025 Avrupa \u015eampiyonas\u0131 Elemeleri B K\u00fcmesi&#8217;nin 6&#8217;nc\u0131 ve son hafta ma\u00e7\u0131nda 23 \u015eubat Pazar g\u00fcn\u00fc \u0130zlanda&#8217;ya konuk olacak.\u00a0<\/p>\n<p> Laugardalsholl Spor Merkezi&#8217;nde oynanacak m\u00fcsabaka, TS\u0130 22.30&#8217;da ba\u015flayacak. Kar\u015f\u0131la\u015fma, TRT Spor Y\u0131ld\u0131z&#8217;dan naklen ekranlara gelecek.<\/p>\n<p> K\u00fcmede oynad\u0131\u011f\u0131 5 ma\u00e7ta 3 galibiyet ve 2 ma\u011flubiyet ya\u015fayan ulusal ekip, \u015fampiyonaya kat\u0131lmaya hak kazand\u0131. Ay-y\u0131ld\u0131zl\u0131 tak\u0131m, son ma\u00e7lar \u00f6ncesinde B K\u00fcmesi&#8217;nde ikinci s\u0131rada yer al\u0131yor.<\/p>\n<p> T\u00fcrkiye&#8217;de oynanan birinci kar\u015f\u0131la\u015fmada Tar\u0131k Biberovic&#8217;in son saniye basketiyle rakibini 76-75&#8217;lik skorla ma\u011flup eden ulusal kadro, deplasmanda da \u0130zlanda&#8217;y\u0131 yenmesi halinde k\u00fcmesini ikinci s\u0131rada bitirecek.<\/p>\n<p> <strong>\u0130ZLANDA \u0130LE 7&#8217;NC\u0130 RANDEVU<\/strong><\/p>\n<p> \u0130zlanda ile tarihinde 7. kere kar\u015f\u0131la\u015facak T\u00fcrkiye, rakibiyle oynad\u0131\u011f\u0131 6 ma\u00e7\u0131n 5&#8217;ini kazand\u0131, birinde salondan ma\u011flubiyetle ayr\u0131ld\u0131.\u00a0<\/p>\n<p> \u0130zlanda ile birinci kere Avusturya&#8217;daki FIBA Turnuvas\u0131&#8217;nda 2 Haziran 1985 y\u0131l\u0131nda kar\u015f\u0131la\u015fan ulusallar, birinci ma\u00e7\u0131 58-49 kazand\u0131. Daha sonra ulusal ekip rakibi kar\u015f\u0131s\u0131nda 1987&#8217;de \u0130ngiltere&#8217;deki FIBA Turnuvas\u0131&#8217;nda 81-70, 2015 Avrupa \u015eampiyonas\u0131&#8217;nda 111-102, 2023&#8217;te FIBA Olimpiyat \u00d6n Eleme Turnuvas\u0131 birinci ma\u00e7\u0131nda 99-72 ve son olarak 2025 Avrupa \u015eampiyonas\u0131 Elemeleri B Grubu&#8217;ndaki ikinci ma\u00e7\u0131nda 76-75 kazanmas\u0131n\u0131 bildi.\u00a0<\/p>\n<p> Ay-y\u0131ld\u0131zl\u0131lar, Bel\u00e7ika&#8217;da 1986&#8217;da oynanan Avrupa \u015eampiyonas\u0131 elemelerinde \u0130zlanda kar\u015f\u0131s\u0131nda 63-58&#8217;lik skorla birinci ve tek ma\u011flubiyetini ald\u0131.<\/p>\n<p> <strong>4 OYUNCU TAKIMDAN \u00c7IKARILDI<\/strong><\/p>\n<p> \u0130talya ma\u00e7\u0131n\u0131n tak\u0131m\u0131nda yer alan 4 ulusal basketbolcu, sakatl\u0131\u011f\u0131 nedeniyle tak\u0131mdan \u00e7\u0131kar\u0131ld\u0131.\u00a0<\/p>\n<p> T\u00fcrkiye Basketbol Federasyonunun a\u00e7\u0131klamas\u0131na nazaran sol dirse\u011finde kanama ve hudut \u00f6demi saptanan Yi\u011fitcan Saybir, \u00fcst teneff\u00fcs yolu enfeksiyonu nedeniyle Shane Larkin, sa\u011f dirse\u011finde kemik \u00f6demi tespit edilen Cedi Osman ile Erkan Y\u0131lmaz, \u0130zlanda ma\u00e7\u0131n\u0131n tak\u0131m\u0131na al\u0131nmad\u0131.<\/p>\n<p> Ergin Ataman&#8217;\u0131n ba\u015fantren\u00f6rl\u00fc\u011f\u00fcn\u00fc yapt\u0131\u011f\u0131 A Ulusal Kadro&#8217;nun yar\u0131n deplasmanda \u0130zlanda ile oynayaca\u011f\u0131 ma\u00e7\u0131n aday tak\u0131m\u0131nda yer alan oyuncular \u015f\u00f6yle:<\/p>\n<p> Ercan Osmani (Anadolu Efes), \u015eehmus Hazer, Furkan Haltal\u0131, Furkan Korkmaz, Kenan Sipahi (Bah\u00e7e\u015fehir Koleji), David Mutaf (Bursaspor Y\u00f6rsan), Sad\u0131k Buyruk Kabaca (Galatasaray), Muhsin Ya\u015far (Kar\u015f\u0131yaka), Emre Melih Tunca (T\u00fcrk Telekom), Erten Gazi (Dinamo Sassari), Onuralp Bitim (Bayern M\u00fcnih).<\/p>\n<p> <strong>\u00a0TAR\u0130H\u0130NDEK\u0130 1043. MA\u00c7<\/strong><\/p>\n<p> 2025 Avrupa \u015eampiyonas\u0131 Elemeleri B K\u00fcmesi&#8217;nde 23 \u015eubat Pazar g\u00fcn\u00fc \u0130zlanda&#8217;ya konuk olacak A Ulusal Erkek Basketbol Kadrosu, tarihindeki 1043. ma\u00e7\u0131na \u00e7\u0131kacak.<\/p>\n<p> Tarihindeki birinci ma\u00e7\u0131n\u0131 Yunanistan ile 24 Haziran 1936&#8217;da oynayan A Ulusal Kadro, 89 y\u0131ll\u0131k s\u00fcre\u00e7te 1042 m\u00fcsabaka yapt\u0131. Kelam konusu kar\u015f\u0131la\u015fmalar\u0131n 536&#8217;s\u0131n\u0131 kazanan T\u00fcrkiye, 505&#8217;inden yenilgiyle ayr\u0131ld\u0131.<\/p>\n<p> A Ulusal Basketbol Grubu&#8217;nun tarihinde bir de beraberlik bulunuyor. Ulusallar, \u0130stanbul&#8217;da 13 Haziran 1995&#8217;te Makedonya ile yapt\u0131\u011f\u0131 \u00f6zel ma\u00e7tan 78-78 beraberlikle ayr\u0131ld\u0131.<\/p>\n<p><img decoding=\"async\" src=\"https:\/\/haberbesiktas.tr\/wp-content\/uploads\/2025\/04\/a-milli-basketbol-takimi-grup-ikinciligi-icin-izlandaya-konuk-0-lVdUD1EQ.jpeg\"\/>\u00a0<\/p>\n<p> <strong>EN FARKLI SKOR L\u0130BYA KAR\u015eISINDA<\/strong><\/p>\n<p> A Ulusal Basketbol Kadrosu, tarihinde en farkl\u0131 skorlu galibiyetini Libya kar\u015f\u0131s\u0131nda elde etti.<\/p>\n<p> \u0130zmir&#8217;de yap\u0131lan \u0130slam \u00dclkeleri Spor Oyunlar\u0131&#8217;nda 29 Eyl\u00fcl 1980 tarihinde T\u00fcrkiye, Libya&#8217;y\u0131 97 say\u0131 farkla, 142-45 yendi.<\/p>\n<p> T\u00fcrkiye, tarihindeki en farkl\u0131 skorlu ma\u011flubiyetlerini ise H\u0131rvatistan ve Fransa kar\u015f\u0131s\u0131nda ya\u015fad\u0131. Ulusallar, Almanya&#8217;da yap\u0131lan 28. Avrupa \u015eampiyonas\u0131&#8217;nda, 24 Haziran 1993&#8217;te H\u0131rvatistan&#8217;a 113-63&#8217;l\u00fck skorla, 50 say\u0131 farkla yenildi.\u00a0<\/p>\n<p> Ay-y\u0131ld\u0131zl\u0131 ekip, 3 Temmuz 2024&#8217;te deplasmanda Fransa ile oynad\u0131\u011f\u0131 haz\u0131rl\u0131k ma\u00e7\u0131n\u0131 t\u0131pk\u0131 formda 50 say\u0131 (96-46) farkla kaybetti.<\/p>\n<p> <strong>RESM\u0130 MA\u00c7LARDA B\u0130R\u0130NC\u0130 GAL\u0130B\u0130YET\u0130N\u0130 1949&#8217;DA ELDE ETT\u0130<\/strong><\/p>\n<p> Ay-y\u0131ld\u0131zl\u0131 ekip, tarihinde resmi ma\u00e7larda birinci galibiyetini, 1949 y\u0131l\u0131nda M\u0131s\u0131r&#8217;da yap\u0131lan Avrupa \u015eampiyonas\u0131&#8217;nda elde etti.<\/p>\n<p> \u015eampiyonada birinci iki ma\u00e7\u0131nda Yunanistan ve Fransa&#8217;ya yenilen T\u00fcrkiye, \u00fc\u00e7\u00fcnc\u00fc m\u00fcsabakas\u0131nda Suriye&#8217;yi 43-33 ma\u011flup ederek resmi ma\u00e7lardaki birinci galibiyetini ald\u0131.<\/p>\n<p> <strong>ERG\u0130N ATAMAN \u0130DARES\u0130NDEK\u0130 80. MA\u00c7\u00a0<\/strong><\/p>\n<p> A Ulusal Ekip, ba\u015fantren\u00f6r Ergin Ataman idaresinde yar\u0131n 80. ma\u00e7\u0131na \u00e7\u0131kacak.<\/p>\n<p> Ay-y\u0131ld\u0131zl\u0131 kadro, deneyimli ba\u015fantren\u00f6r y\u00f6netiminde \u015fu ana kadar 79 kar\u015f\u0131la\u015fma yapt\u0131. Ulusal grup, bu m\u00fcsabakalardan 39 galibiyet, 40 yenilgiyle ayr\u0131ld\u0131.<\/p>\n<\/div>\n<p><\/p>\n","protected":false},"excerpt":{"rendered":"<p>2025 Avrupa \u015eampiyonas\u0131&#8217;na kat\u0131lma hakk\u0131 elde eden ay-y\u0131ld\u0131zl\u0131 tak\u0131m, elemelerdeki 6&#8217;nc\u0131 ve son hafta ma\u00e7\u0131nda 23 \u015eubat Pazar g\u00fcn\u00fc \u0130zlanda ile kar\u015f\u0131 kar\u015f\u0131ya gelecek.<\/p>\n","protected":false},"author":1,"featured_media":22105,"comment_status":"open","ping_status":"open","sticky":false,"template":"","format":"standard","meta":{"footnotes":""},"categories":[10],"tags":[2120,50,270,52,2025],"class_list":["post-22104","post","type-post","status-publish","format-standard","has-post-thumbnail","hentry","category-basketbol","tag-izlanda","tag-mac","tag-milli","tag-takim","tag-tarihinde"],"_links":{"self":[{"href":"https:\/\/haberbesiktas.tr\/index.php?rest_route=\/wp\/v2\/posts\/22104","targetHints":{"allow":["GET"]}}],"collection":[{"href":"https:\/\/haberbesiktas.tr\/index.php?rest_route=\/wp\/v2\/posts"}],"about":[{"href":"https:\/\/haberbesiktas.tr\/index.php?rest_route=\/wp\/v2\/types\/post"}],"author":[{"embeddable":true,"href":"https:\/\/haberbesiktas.tr\/index.php?rest_route=\/wp\/v2\/users\/1"}],"replies":[{"embeddable":true,"href":"https:\/\/haberbesiktas.tr\/index.php?rest_route=%2Fwp%2Fv2%2Fcomments&post=22104"}],"version-history":[{"count":1,"href":"https:\/\/haberbesiktas.tr\/index.php?rest_route=\/wp\/v2\/posts\/22104\/revisions"}],"predecessor-version":[{"id":22107,"href":"https:\/\/haberbesiktas.tr\/index.php?rest_route=\/wp\/v2\/posts\/22104\/revisions\/22107"}],"wp:featuredmedia":[{"embeddable":true,"href":"https:\/\/haberbesiktas.tr\/index.php?rest_route=\/wp\/v2\/media\/22105"}],"wp:attachment":[{"href":"https:\/\/haberbesiktas.tr\/index.php?rest_route=%2Fwp%2Fv2%2Fmedia&parent=22104"}],"wp:term":[{"taxonomy":"category","embeddable":true,"href":"https:\/\/haberbesiktas.tr\/index.php?rest_route=%2Fwp%2Fv2%2Fcategories&post=22104"},{"taxonomy":"post_tag","embeddable":true,"href":"https:\/\/haberbesiktas.tr\/index.php?rest_route=%2Fwp%2Fv2%2Ftags&post=22104"}],"curies":[{"name":"wp","href":"https:\/\/api.w.org\/{rel}","templated":true}]}}