{"id":22108,"date":"2025-04-21T14:48:06","date_gmt":"2025-04-21T14:48:06","guid":{"rendered":"https:\/\/haberbesiktas.tr\/?p=22108"},"modified":"2025-04-21T14:48:06","modified_gmt":"2025-04-21T14:48:06","slug":"galatasaraydan-derbiye-ozel-prim-yok","status":"publish","type":"post","link":"https:\/\/haberbesiktas.tr\/?p=22108","title":{"rendered":"Galatasaray&#8217;dan derbiye \u00f6zel prim yok!"},"content":{"rendered":"<div>Galatasaray, Fenerbah\u00e7e derbisi \u00f6ncesi prim karar\u0131n\u0131 belirledi.<\/p>\n<p> Sar\u0131 k\u0131rm\u0131z\u0131l\u0131 idare, t\u0131pk\u0131 d\u00f6nemin birinci yar\u0131s\u0131nda oldu\u011fu \u00fczere Fenerbah\u00e7e derbisi i\u00e7in \u00f6zel bir prim belirlememe karar\u0131 ald\u0131.<\/p>\n<p> Derbinin kazan\u0131lmas\u0131 durumunda ise Dursun \u00d6zbek ve idaresi, futbolcular\u0131 keyifli edecek s\u00fcrpriz primi soyunma odas\u0131nda a\u00e7\u0131klamay\u0131 planlad\u0131.<\/p>\n<p> Galatasaray, Kad\u0131k\u00f6y&#8217;de 3-1 kazan\u0131lan derbi i\u00e7in de \u00f6zel prim belirlememi\u015f lakin soyunma odas\u0131nda futbolcular\u0131 a\u00e7\u0131klanan primle \u015fa\u015f\u0131rtm\u0131\u015ft\u0131.\u00a0<\/p>\n<div>\u00a0<\/div>\n<\/div>\n<p><\/p>\n","protected":false},"excerpt":{"rendered":"<p>Galatasaray idaresi, Fenerbah\u00e7e derbisi i\u00e7in \u00f6zel prim belirlemedi.<\/p>\n","protected":false},"author":1,"featured_media":22109,"comment_status":"open","ping_status":"open","sticky":false,"template":"","format":"standard","meta":{"footnotes":""},"categories":[25],"tags":[2134],"class_list":["post-22108","post","type-post","status-publish","format-standard","has-post-thumbnail","hentry","category-futbol","tag-prim"],"_links":{"self":[{"href":"https:\/\/haberbesiktas.tr\/index.php?rest_route=\/wp\/v2\/posts\/22108","targetHints":{"allow":["GET"]}}],"collection":[{"href":"https:\/\/haberbesiktas.tr\/index.php?rest_route=\/wp\/v2\/posts"}],"about":[{"href":"https:\/\/haberbesiktas.tr\/index.php?rest_route=\/wp\/v2\/types\/post"}],"author":[{"embeddable":true,"href":"https:\/\/haberbesiktas.tr\/index.php?rest_route=\/wp\/v2\/users\/1"}],"replies":[{"embeddable":true,"href":"https:\/\/haberbesiktas.tr\/index.php?rest_route=%2Fwp%2Fv2%2Fcomments&post=22108"}],"version-history":[{"count":1,"href":"https:\/\/haberbesiktas.tr\/index.php?rest_route=\/wp\/v2\/posts\/22108\/revisions"}],"predecessor-version":[{"id":22110,"href":"https:\/\/haberbesiktas.tr\/index.php?rest_route=\/wp\/v2\/posts\/22108\/revisions\/22110"}],"wp:featuredmedia":[{"embeddable":true,"href":"https:\/\/haberbesiktas.tr\/index.php?rest_route=\/wp\/v2\/media\/22109"}],"wp:attachment":[{"href":"https:\/\/haberbesiktas.tr\/index.php?rest_route=%2Fwp%2Fv2%2Fmedia&parent=22108"}],"wp:term":[{"taxonomy":"category","embeddable":true,"href":"https:\/\/haberbesiktas.tr\/index.php?rest_route=%2Fwp%2Fv2%2Fcategories&post=22108"},{"taxonomy":"post_tag","embeddable":true,"href":"https:\/\/haberbesiktas.tr\/index.php?rest_route=%2Fwp%2Fv2%2Ftags&post=22108"}],"curies":[{"name":"wp","href":"https:\/\/api.w.org\/{rel}","templated":true}]}}