{"id":2216,"date":"2025-01-09T14:06:41","date_gmt":"2025-01-09T14:06:41","guid":{"rendered":"https:\/\/haberbesiktas.tr\/?p=2216"},"modified":"2025-01-09T14:06:41","modified_gmt":"2025-01-09T14:06:41","slug":"joao-mario-rafa-ile-birbirimizi-iyi-taniyoruz","status":"publish","type":"post","link":"https:\/\/haberbesiktas.tr\/?p=2216","title":{"rendered":"Joao Mario: &#8220;Rafa ile birbirimizi iyi tan\u0131yoruz&#8221;"},"content":{"rendered":"<div>Ziraat T\u00fcrkiye Kupas\u0131 D K\u00fcmesi birinci hafta ma\u00e7\u0131nda Be\u015fikta\u015f, deplasmanda Net K\u00fcresel Sivasspor&#8217;u 1-0 ma\u011flup etti.<\/p>\n<p><strong>&#8220;GAL\u0130B\u0130YETLE BA\u015eLAMAK \u00c7OK \u00d6NEML\u0130&#8221;<\/strong><\/p>\n<p>Rafa Silva&#8217;n\u0131n Be\u015fikta\u015f&#8217;a galibiyeti getiren gol\u00fcnde asist yapan Joao Mario, ma\u00e7\u0131n akabinde yapt\u0131\u011f\u0131 a\u00e7\u0131klamada,<strong> &#8220;Zor bir ma\u00e7 olaca\u011f\u0131n\u0131 biliyorduk. Kupa gayelerimizden biri. Galibiyetle ba\u015flamak \u00e7ok k\u0131ymetli oldu. Uygun bir ba\u015flang\u0131\u00e7 yapt\u0131\u011f\u0131m\u0131z i\u00e7in memnunum.&#8221;<\/strong> dedi.\u00a0<\/p>\n<p><strong>&#8220;RAFA \u0130LE B\u0130RB\u0130R\u0130M\u0130Z\u0130 D\u00dcZG\u00dcN TANIYORUZ&#8221;<\/strong><\/p>\n<p>Vatanda\u015f\u0131 Rafa Silva ile ilgili konu\u015fan Portekizli y\u0131ld\u0131z, <strong>&#8220;Rafa Silva ile uzun y\u0131llar birlikte oynad\u0131k. Onun nas\u0131l konum alaca\u011f\u0131n\u0131 biliyorum. Birbirimizi \u00e2l\u00e2 tan\u0131yoruz. \u0130dmanlarda da emsal goller at\u0131yoruz. Daha fazlas\u0131n\u0131 yapmak i\u00e7in \u00e7al\u0131\u015faca\u011f\u0131z.&#8221;<\/strong> s\u00f6zlerini kulland\u0131.\u00a0<\/p>\n<p><strong>&#8220;B\u0130RB\u0130R\u0130M\u0130Z \u0130\u00c7\u0130N HER \u015eEY\u0130 YAPMAYA HAZIRIZ&#8221;<\/strong><\/p>\n<p>\u00d6te yandan Be\u015fikta\u015f&#8217;\u0131n gen\u00e7 golc\u00fcs\u00fc Mustafa Erhan Hekimo\u011flu, galibiyetin akabinde yapt\u0131\u011f\u0131 a\u00e7\u0131klamada,<strong>&#8220;&#8221;K\u00f6t\u00fc bir vakitten ge\u00e7iyoruz lakin bu galibiyet bizim i\u00e7in \u00e7ok g\u00fczel oldu. Mert a\u011fabey \u00e7ok yeterli kurtar\u0131\u015flar yapt\u0131. Herkes elinden geleni yapt\u0131. Biz bir ekibiz. Birbirimiz i\u00e7in her \u015feyi yapmaya haz\u0131r\u0131z.&#8221;<\/strong> kelamlar\u0131n\u0131 sarf etti.\u00a0\u00a0<\/p>\n<div>\u00a0<\/div>\n<\/div>\n","protected":false},"excerpt":{"rendered":"<p>Be\u015fikta\u015f&#8217;\u0131n kupada Sivasspor&#8217;u 1-0 yendi\u011fi ma\u00e7ta asist yapan Joao Mario ve gen\u00e7 futbolcu Mustafa Erhan Hekimo\u011flu, galibiyetin akabinde a\u00e7\u0131klama yapt\u0131.<\/p>\n","protected":false},"author":1,"featured_media":2217,"comment_status":"open","ping_status":"open","sticky":false,"template":"","format":"standard","meta":{"footnotes":""},"categories":[25],"tags":[242],"class_list":["post-2216","post","type-post","status-publish","format-standard","has-post-thumbnail","hentry","category-futbol","tag-galibiyet"],"_links":{"self":[{"href":"https:\/\/haberbesiktas.tr\/index.php?rest_route=\/wp\/v2\/posts\/2216","targetHints":{"allow":["GET"]}}],"collection":[{"href":"https:\/\/haberbesiktas.tr\/index.php?rest_route=\/wp\/v2\/posts"}],"about":[{"href":"https:\/\/haberbesiktas.tr\/index.php?rest_route=\/wp\/v2\/types\/post"}],"author":[{"embeddable":true,"href":"https:\/\/haberbesiktas.tr\/index.php?rest_route=\/wp\/v2\/users\/1"}],"replies":[{"embeddable":true,"href":"https:\/\/haberbesiktas.tr\/index.php?rest_route=%2Fwp%2Fv2%2Fcomments&post=2216"}],"version-history":[{"count":1,"href":"https:\/\/haberbesiktas.tr\/index.php?rest_route=\/wp\/v2\/posts\/2216\/revisions"}],"predecessor-version":[{"id":2218,"href":"https:\/\/haberbesiktas.tr\/index.php?rest_route=\/wp\/v2\/posts\/2216\/revisions\/2218"}],"wp:featuredmedia":[{"embeddable":true,"href":"https:\/\/haberbesiktas.tr\/index.php?rest_route=\/wp\/v2\/media\/2217"}],"wp:attachment":[{"href":"https:\/\/haberbesiktas.tr\/index.php?rest_route=%2Fwp%2Fv2%2Fmedia&parent=2216"}],"wp:term":[{"taxonomy":"category","embeddable":true,"href":"https:\/\/haberbesiktas.tr\/index.php?rest_route=%2Fwp%2Fv2%2Fcategories&post=2216"},{"taxonomy":"post_tag","embeddable":true,"href":"https:\/\/haberbesiktas.tr\/index.php?rest_route=%2Fwp%2Fv2%2Ftags&post=2216"}],"curies":[{"name":"wp","href":"https:\/\/api.w.org\/{rel}","templated":true}]}}