{"id":22181,"date":"2025-04-21T19:36:06","date_gmt":"2025-04-21T19:36:06","guid":{"rendered":"https:\/\/haberbesiktas.tr\/?p=22181"},"modified":"2025-04-21T19:36:06","modified_gmt":"2025-04-21T19:36:06","slug":"jose-mourinho-dzeko-ve-en-nesyriden-vazgecmeyecek","status":"publish","type":"post","link":"https:\/\/haberbesiktas.tr\/?p=22181","title":{"rendered":"Jose Mourinho, Dzeko ve En-Nesyri&#8217;den vazge\u00e7meyecek!"},"content":{"rendered":"<div>Fenerbahc\u0327e Teknik Y\u00f6neticisi Jose Mourinho, \u00e7ift forvetten deplasmandaki Galatasaray derbisinde de vazge\u00e7meyecek.<\/p>\n<p> Portekizli teknik adam, derbide ileri u\u00e7ta Edin Dzeko ve Youssef En-Nesyri&#8217;ye birlikte forma verecek.<\/p>\n<p> \u0130ki isim, Fenerbahc\u0327e&#8217;nin derbideki gol ayaklar\u0131 olacak.<\/p>\n<p> Edin Dzeko ile ili\u015fkiyi yapmay\u0131 planlayan Mourinho, son haftalar\u0131n formda ismi En-Nesyri&#8217;nin de performans\u0131na g\u00fcveniyor.<\/p>\n<\/div>\n<p><\/p>\n","protected":false},"excerpt":{"rendered":"<p>Fenerbahc\u0327e Teknik Y\u00f6neticisi Jose Mourinho, Galatasaray derbisinde ileri u\u00e7ta Edin Dzeko ve Youssef En-Nesyri&#8217;ye birlikte forma verecek.<\/p>\n","protected":false},"author":1,"featured_media":22182,"comment_status":"open","ping_status":"open","sticky":false,"template":"","format":"standard","meta":{"footnotes":""},"categories":[25],"tags":[],"class_list":["post-22181","post","type-post","status-publish","format-standard","has-post-thumbnail","hentry","category-futbol"],"_links":{"self":[{"href":"https:\/\/haberbesiktas.tr\/index.php?rest_route=\/wp\/v2\/posts\/22181","targetHints":{"allow":["GET"]}}],"collection":[{"href":"https:\/\/haberbesiktas.tr\/index.php?rest_route=\/wp\/v2\/posts"}],"about":[{"href":"https:\/\/haberbesiktas.tr\/index.php?rest_route=\/wp\/v2\/types\/post"}],"author":[{"embeddable":true,"href":"https:\/\/haberbesiktas.tr\/index.php?rest_route=\/wp\/v2\/users\/1"}],"replies":[{"embeddable":true,"href":"https:\/\/haberbesiktas.tr\/index.php?rest_route=%2Fwp%2Fv2%2Fcomments&post=22181"}],"version-history":[{"count":1,"href":"https:\/\/haberbesiktas.tr\/index.php?rest_route=\/wp\/v2\/posts\/22181\/revisions"}],"predecessor-version":[{"id":22183,"href":"https:\/\/haberbesiktas.tr\/index.php?rest_route=\/wp\/v2\/posts\/22181\/revisions\/22183"}],"wp:featuredmedia":[{"embeddable":true,"href":"https:\/\/haberbesiktas.tr\/index.php?rest_route=\/wp\/v2\/media\/22182"}],"wp:attachment":[{"href":"https:\/\/haberbesiktas.tr\/index.php?rest_route=%2Fwp%2Fv2%2Fmedia&parent=22181"}],"wp:term":[{"taxonomy":"category","embeddable":true,"href":"https:\/\/haberbesiktas.tr\/index.php?rest_route=%2Fwp%2Fv2%2Fcategories&post=22181"},{"taxonomy":"post_tag","embeddable":true,"href":"https:\/\/haberbesiktas.tr\/index.php?rest_route=%2Fwp%2Fv2%2Ftags&post=22181"}],"curies":[{"name":"wp","href":"https:\/\/api.w.org\/{rel}","templated":true}]}}