{"id":2219,"date":"2025-01-09T14:18:44","date_gmt":"2025-01-09T14:18:44","guid":{"rendered":"https:\/\/haberbesiktas.tr\/?p=2219"},"modified":"2025-01-09T14:18:44","modified_gmt":"2025-01-09T14:18:44","slug":"vinicius-juniora-iki-mac-ceza","status":"publish","type":"post","link":"https:\/\/haberbesiktas.tr\/?p=2219","title":{"rendered":"Vinicius Junior&#8217;a iki ma\u00e7 ceza!"},"content":{"rendered":"<div>Real Madrid&#8217;in ligde Valencia ile oynad\u0131\u011f\u0131 erteleme ma\u00e7\u0131nda k\u0131rm\u0131z\u0131 kart g\u00f6ren Vinicius Junior&#8217;un cezas\u0131 muhakkak oldu.<\/p>\n<p> Brezilyal\u0131 y\u0131ld\u0131z, k\u0131rm\u0131z\u0131 kart nedeniyle iki ma\u00e7 men cezas\u0131 ald\u0131. Vinicius Junior, ligdeki Mallorca ve Las Palmas ma\u00e7lar\u0131nda forma giyemeyecek.<\/p>\n<p> Real Madrid, Vinicius Junior&#8217;un iki ma\u00e7l\u0131k cezas\u0131na itirazda bulunacak.<\/p>\n<p> \u0130spanyol bas\u0131n\u0131nda yer alan habere nazaran, Real Madrid&#8217;in, 24 ya\u015f\u0131ndaki futbolcuya da k\u0131rm\u0131z\u0131 kart nedeniyle para cezas\u0131 verece\u011fi belirtildi.<\/p>\n<p> Real Madrid&#8217;de bu d\u00f6nem 22 ma\u00e7ta m\u00fcddet bulan Vinicius Junior, 13 gol att\u0131 ve 9 asist yapt\u0131.<\/p>\n<p>https:\/\/twitter.com\/sporxtv\/status\/1875298543201873977<\/p>\n<\/p><\/div>\n","protected":false},"excerpt":{"rendered":"<p>Real Madrid&#8217;in Valencia ile oynad\u0131\u011f\u0131 ma\u00e7ta k\u0131rm\u0131z\u0131 kart g\u00f6ren Vinicius Junior, iki ma\u00e7 ceza ald\u0131.<\/p>\n","protected":false},"author":1,"featured_media":2220,"comment_status":"open","ping_status":"open","sticky":false,"template":"","format":"standard","meta":{"footnotes":""},"categories":[25],"tags":[50],"class_list":["post-2219","post","type-post","status-publish","format-standard","has-post-thumbnail","hentry","category-futbol","tag-mac"],"_links":{"self":[{"href":"https:\/\/haberbesiktas.tr\/index.php?rest_route=\/wp\/v2\/posts\/2219","targetHints":{"allow":["GET"]}}],"collection":[{"href":"https:\/\/haberbesiktas.tr\/index.php?rest_route=\/wp\/v2\/posts"}],"about":[{"href":"https:\/\/haberbesiktas.tr\/index.php?rest_route=\/wp\/v2\/types\/post"}],"author":[{"embeddable":true,"href":"https:\/\/haberbesiktas.tr\/index.php?rest_route=\/wp\/v2\/users\/1"}],"replies":[{"embeddable":true,"href":"https:\/\/haberbesiktas.tr\/index.php?rest_route=%2Fwp%2Fv2%2Fcomments&post=2219"}],"version-history":[{"count":1,"href":"https:\/\/haberbesiktas.tr\/index.php?rest_route=\/wp\/v2\/posts\/2219\/revisions"}],"predecessor-version":[{"id":2221,"href":"https:\/\/haberbesiktas.tr\/index.php?rest_route=\/wp\/v2\/posts\/2219\/revisions\/2221"}],"wp:featuredmedia":[{"embeddable":true,"href":"https:\/\/haberbesiktas.tr\/index.php?rest_route=\/wp\/v2\/media\/2220"}],"wp:attachment":[{"href":"https:\/\/haberbesiktas.tr\/index.php?rest_route=%2Fwp%2Fv2%2Fmedia&parent=2219"}],"wp:term":[{"taxonomy":"category","embeddable":true,"href":"https:\/\/haberbesiktas.tr\/index.php?rest_route=%2Fwp%2Fv2%2Fcategories&post=2219"},{"taxonomy":"post_tag","embeddable":true,"href":"https:\/\/haberbesiktas.tr\/index.php?rest_route=%2Fwp%2Fv2%2Ftags&post=2219"}],"curies":[{"name":"wp","href":"https:\/\/api.w.org\/{rel}","templated":true}]}}