{"id":22196,"date":"2025-04-21T20:36:08","date_gmt":"2025-04-21T20:36:08","guid":{"rendered":"https:\/\/haberbesiktas.tr\/?p=22196"},"modified":"2025-04-21T20:36:08","modified_gmt":"2025-04-21T20:36:08","slug":"derbinin-atesini-yakiyoruz","status":"publish","type":"post","link":"https:\/\/haberbesiktas.tr\/?p=22196","title":{"rendered":"Derbinin ate\u015fini yak\u0131yoruz!"},"content":{"rendered":"<div>Tu\u0308rkiye nefesini tuttu, Galatasaray ile Fenerbahc\u0327e ortas\u0131ndaki tarihi derbi ic\u0327in geri say\u0131m bas\u0327lad\u0131!<\/p>\n<p> S\u0327ampiyonluk yolunda kritik bir do\u0308nemec\u0327 olan K\u0131talararas\u0131 Derbi, her zamanki \u00fczere o\u0308ncesi, s\u0131ras\u0131 ve sonras\u0131yla Sporx&#8217;te yas\u0327anacak.<\/p>\n<p> <strong>Bir tarafta Osimhen, bir tarafta En-Nesyri&#8230;<\/strong><br \/><strong>Bir tarafta Mertens, bir tarafta Talisca&#8230;<\/strong><br \/><strong>Bir tarafta Davinson, bir tarafta Skriniar&#8230;<\/strong><br \/><strong>Bir tarafta Bar\u0131s\u0327 Alper, bir tarafta Tadic&#8230;<\/strong><br \/><strong>Bir tarafta Sara, bir tarafta Dzeko&#8230;<\/strong><br \/><strong>Bir tarafta Torreira, bir tarafta Amrabat&#8230;<\/strong><\/p>\n<p> Derbinin ates\u0327ini, Sporx ic\u0327erik grubu taraf\u0131ndan haz\u0131rlanan bu o\u0308zel video\u00a0ile\u00a0yak\u0131yoruz!<\/p>\n<div>\u00a0<\/div>\n<\/div>\n<p><\/p>\n","protected":false},"excerpt":{"rendered":"<p>Galatasaray ile Fenerbah\u00e7e ortas\u0131ndaki oynanacak tarihi derbinin nabz\u0131 yeniden Sporx&#8217;te atacak.<\/p>\n","protected":false},"author":1,"featured_media":22197,"comment_status":"open","ping_status":"open","sticky":false,"template":"","format":"standard","meta":{"footnotes":""},"categories":[25],"tags":[],"class_list":["post-22196","post","type-post","status-publish","format-standard","has-post-thumbnail","hentry","category-futbol"],"_links":{"self":[{"href":"https:\/\/haberbesiktas.tr\/index.php?rest_route=\/wp\/v2\/posts\/22196","targetHints":{"allow":["GET"]}}],"collection":[{"href":"https:\/\/haberbesiktas.tr\/index.php?rest_route=\/wp\/v2\/posts"}],"about":[{"href":"https:\/\/haberbesiktas.tr\/index.php?rest_route=\/wp\/v2\/types\/post"}],"author":[{"embeddable":true,"href":"https:\/\/haberbesiktas.tr\/index.php?rest_route=\/wp\/v2\/users\/1"}],"replies":[{"embeddable":true,"href":"https:\/\/haberbesiktas.tr\/index.php?rest_route=%2Fwp%2Fv2%2Fcomments&post=22196"}],"version-history":[{"count":1,"href":"https:\/\/haberbesiktas.tr\/index.php?rest_route=\/wp\/v2\/posts\/22196\/revisions"}],"predecessor-version":[{"id":22198,"href":"https:\/\/haberbesiktas.tr\/index.php?rest_route=\/wp\/v2\/posts\/22196\/revisions\/22198"}],"wp:featuredmedia":[{"embeddable":true,"href":"https:\/\/haberbesiktas.tr\/index.php?rest_route=\/wp\/v2\/media\/22197"}],"wp:attachment":[{"href":"https:\/\/haberbesiktas.tr\/index.php?rest_route=%2Fwp%2Fv2%2Fmedia&parent=22196"}],"wp:term":[{"taxonomy":"category","embeddable":true,"href":"https:\/\/haberbesiktas.tr\/index.php?rest_route=%2Fwp%2Fv2%2Fcategories&post=22196"},{"taxonomy":"post_tag","embeddable":true,"href":"https:\/\/haberbesiktas.tr\/index.php?rest_route=%2Fwp%2Fv2%2Ftags&post=22196"}],"curies":[{"name":"wp","href":"https:\/\/api.w.org\/{rel}","templated":true}]}}