{"id":22202,"date":"2025-04-21T21:00:08","date_gmt":"2025-04-21T21:00:08","guid":{"rendered":"https:\/\/haberbesiktas.tr\/?p=22202"},"modified":"2025-04-21T21:00:08","modified_gmt":"2025-04-21T21:00:08","slug":"besiktasta-keny-arroyo-soguktan-etkilendi","status":"publish","type":"post","link":"https:\/\/haberbesiktas.tr\/?p=22202","title":{"rendered":"Be\u015fikta\u015f&#8217;ta Keny Arroyo, so\u011fuktan etkilendi!"},"content":{"rendered":"<div>\n<p>S\u00fcper Lig&#8217;in 25. haftas\u0131nda Ey\u00fcpspor&#8217;u deplasmanda 3-1 yenen Be\u015fikta\u015f&#8217;ta moraller yerinde.<\/p>\n<p> Siyah beyazl\u0131larda art\u0131k g\u00f6zler Ziraat T\u00fcrkiye Kupas\u0131&#8217;nda sal\u0131 g\u00fcn\u00fc deplasmanda oynanacak olan Antalyaspor ma\u00e7\u0131na \u00e7evrildi.<\/p>\n<p> <strong>YEN\u0130 TRANSFERLER SEV\u0130ND\u0130<\/strong><\/p>\n<p> \u0130stanbul&#8217;daki olumsuz hava \u015fartlar\u0131 nedeniyle ma\u00e7\u0131n haz\u0131rl\u0131klar\u0131n\u0131 Antalya&#8217;da yapan Be\u015fikta\u015f&#8217;ta bu duruma en \u00e7ok yeni transferler Keny Arroyo ve Elan Ricardo sevindi.\u00a0<\/p>\n<p> \u0130stanbul&#8217;u tesiri alt\u0131na alan kar ya\u011f\u0131\u015fl\u0131 hava en \u00e7ok G\u00fcney Amerikal\u0131 iki oyuncuyu etkilemi\u015fti.<\/p>\n<p> Arroyo ve Ricardo&#8217;nun hayatlar\u0131nda birinci kere bu kadar so\u011fuk ve kar ya\u011f\u0131\u015fl\u0131 havayla y\u00fczle\u015ftikleri belirtildi.<\/p>\n<p> <strong>&#8220;KULAKLARIMI H\u0130SSETM\u0130YORUM&#8221;<\/strong><\/p>\n<p> T\u00fcrkiye Gazetesi&#8217;nin haberine nazaran; Ey\u00fcpspor m\u00fcsabakas\u0131n\u0131n 76. dakikas\u0131nda Joao Mario&#8217;nun yerine oyuna giren ve siyah beyazl\u0131 ekipteki birinci ma\u00e7\u0131na \u00e7\u0131kan Arroyo&#8217;nun kar\u015f\u0131la\u015fman\u0131n akabinde &#8220;Kulaklar\u0131m\u0131 hissetmiyorum&#8221; dedi\u011fi \u00f6\u011frenildi.\u00a0<\/p>\n<\/div>\n<p><\/p>\n","protected":false},"excerpt":{"rendered":"<p>Be\u015fikta\u015f&#8217;\u0131n Ey\u00fcpspor&#8217;u 3-1 yendi\u011fi ma\u00e7ta birinci defa siyah beyazl\u0131 formayla ma\u00e7a \u00e7\u0131kan Keny Arroyo&#8217;nun \u0130stanbul&#8217;daki olumsuz hava kaidelerinden etkilendi\u011fi ileri s\u00fcr\u00fcld\u00fc.<\/p>\n","protected":false},"author":1,"featured_media":22203,"comment_status":"open","ping_status":"open","sticky":false,"template":"","format":"standard","meta":{"footnotes":""},"categories":[25],"tags":[],"class_list":["post-22202","post","type-post","status-publish","format-standard","has-post-thumbnail","hentry","category-futbol"],"_links":{"self":[{"href":"https:\/\/haberbesiktas.tr\/index.php?rest_route=\/wp\/v2\/posts\/22202","targetHints":{"allow":["GET"]}}],"collection":[{"href":"https:\/\/haberbesiktas.tr\/index.php?rest_route=\/wp\/v2\/posts"}],"about":[{"href":"https:\/\/haberbesiktas.tr\/index.php?rest_route=\/wp\/v2\/types\/post"}],"author":[{"embeddable":true,"href":"https:\/\/haberbesiktas.tr\/index.php?rest_route=\/wp\/v2\/users\/1"}],"replies":[{"embeddable":true,"href":"https:\/\/haberbesiktas.tr\/index.php?rest_route=%2Fwp%2Fv2%2Fcomments&post=22202"}],"version-history":[{"count":1,"href":"https:\/\/haberbesiktas.tr\/index.php?rest_route=\/wp\/v2\/posts\/22202\/revisions"}],"predecessor-version":[{"id":22204,"href":"https:\/\/haberbesiktas.tr\/index.php?rest_route=\/wp\/v2\/posts\/22202\/revisions\/22204"}],"wp:featuredmedia":[{"embeddable":true,"href":"https:\/\/haberbesiktas.tr\/index.php?rest_route=\/wp\/v2\/media\/22203"}],"wp:attachment":[{"href":"https:\/\/haberbesiktas.tr\/index.php?rest_route=%2Fwp%2Fv2%2Fmedia&parent=22202"}],"wp:term":[{"taxonomy":"category","embeddable":true,"href":"https:\/\/haberbesiktas.tr\/index.php?rest_route=%2Fwp%2Fv2%2Fcategories&post=22202"},{"taxonomy":"post_tag","embeddable":true,"href":"https:\/\/haberbesiktas.tr\/index.php?rest_route=%2Fwp%2Fv2%2Ftags&post=22202"}],"curies":[{"name":"wp","href":"https:\/\/api.w.org\/{rel}","templated":true}]}}