{"id":2222,"date":"2025-01-09T14:54:45","date_gmt":"2025-01-09T14:54:45","guid":{"rendered":"https:\/\/haberbesiktas.tr\/?p=2222"},"modified":"2025-01-09T14:54:45","modified_gmt":"2025-01-09T14:54:45","slug":"antalyaspor-kulubunde-baskanliga-mustafa-ergun-secildi","status":"publish","type":"post","link":"https:\/\/haberbesiktas.tr\/?p=2222","title":{"rendered":"Antalyaspor Kul\u00fcb\u00fc&#8217;nde ba\u015fkanl\u0131\u011fa Mustafa Erg\u00fcn se\u00e7ildi"},"content":{"rendered":"<div>Eski ad\u0131 &#8220;Antalyaspor Kul\u00fcb\u00fc Derne\u011fi&#8221; olan Antalyaspor Kul\u00fcb\u00fc&#8217;n\u00fcn fevkal\u00e2de genel heyetinde, Mustafa Erg\u00fcn ba\u015fkanl\u0131\u011fa se\u00e7ildi.<\/p>\n<p> Atilla Vehbi Konuk Tesisleri&#8217;ndeki vakit zaman tart\u0131\u015fmalar\u0131n ya\u015fand\u0131\u011f\u0131 genel heyette, ba\u015fkanl\u0131\u011fa Mustafa Erg\u00fcn ile Sezgin \u00d6zer aday oldu.<\/p>\n<p><strong>TARTI\u015eMA YA\u015eANDI<\/strong><\/p>\n<p> Harikul\u00e2de genel heyette oy verme s\u00fcrecinin a\u00e7\u0131k yap\u0131lmas\u0131 \u00f6nergesi tart\u0131\u015fmaya yol a\u00e7t\u0131. Ya\u015fanan gerginlik \u00fczerine divan ba\u015fkan\u0131 Kamile Y\u0131ld\u0131r\u0131m G\u00fclg\u00fcn, sahne \u00f6n\u00fcne y\u0131\u011f\u0131lanlar\u0131n yerlerine ge\u00e7melerini istedi.<\/p>\n<p> Antalyaspor Ba\u015fkan\u0131 Sinan Boztepe de dernek \u00fcyelerini yat\u0131\u015ft\u0131rmaya \u00e7al\u0131\u015fanlar ortas\u0131nda yer ald\u0131. Bu ortada, salon d\u0131\u015f\u0131nda haz\u0131r bekleyen \u00e7evik kuvvet polisleri sahne \u00f6n\u00fcnde vazife ald\u0131.<\/p>\n<p><strong>OYLAR EPEYCE YAKIN<\/strong><\/p>\n<p> \u0130nan\u0131lmaz genel konseyde a\u00e7\u0131k oy verme \u00f6nergesinin geri \u00e7ekilmesi \u00fczerine salona 4 sand\u0131k getirildi ve se\u00e7ime ge\u00e7ildi.<\/p>\n<p> Genel heyet sonunda Erg\u00fcn 352 oyla ba\u015fkanl\u0131\u011fa se\u00e7ildi. Sezgin \u00d6zer ise 331 oy ald\u0131.<\/p>\n<p><strong>YEN\u0130 B\u0130R SAYFA<\/strong><\/p>\n<p> Antalyaspor Kul\u00fcb\u00fc&#8217;n\u00fcn yeni ba\u015fkan\u0131 Mustafa Erg\u00fcn, yapt\u0131\u011f\u0131 konu\u015fmada, yeni bir sayfa a\u00e7maya geldiklerini s\u00f6yledi.<\/p>\n<p> Antalyaspor&#8217;un sportif muvaffakiyetlerinin yan\u0131 s\u0131ra kurumsal yap\u0131s\u0131yla da \u00f6ne \u00e7\u0131kmas\u0131n\u0131 hedeflediklerini anlatan Erg\u00fcn, spor otelinin projeleri ortas\u0131nda yer ald\u0131\u011f\u0131n\u0131 tabir etti.<\/p>\n<p> Antalyaspor&#8217;un b\u00fcnyesinde kul\u00fcp, vak\u0131f ve anonim \u015firket bulunuyor. &#8220;Antalyaspor Ba\u015fkan\u0131&#8221; g\u00f6revini ise A\u015e&#8217;nin ba\u015fkan\u0131 \u00fcstleniyor.<\/p>\n<\/div>\n","protected":false},"excerpt":{"rendered":"<p>Antalyaspor Kul\u00fcb\u00fc&#8217;n\u00fcn fevkal\u00e2de genel \u015furas\u0131nda, Mustafa Erg\u00fcn ba\u015fkanl\u0131\u011fa se\u00e7ildi.<\/p>\n","protected":false},"author":1,"featured_media":2223,"comment_status":"open","ping_status":"open","sticky":false,"template":"","format":"standard","meta":{"footnotes":""},"categories":[25],"tags":[256,171,259,260],"class_list":["post-2222","post","type-post","status-publish","format-standard","has-post-thumbnail","hentry","category-futbol","tag-antalyaspor","tag-baskani","tag-ergun","tag-genel-kurul"],"_links":{"self":[{"href":"https:\/\/haberbesiktas.tr\/index.php?rest_route=\/wp\/v2\/posts\/2222","targetHints":{"allow":["GET"]}}],"collection":[{"href":"https:\/\/haberbesiktas.tr\/index.php?rest_route=\/wp\/v2\/posts"}],"about":[{"href":"https:\/\/haberbesiktas.tr\/index.php?rest_route=\/wp\/v2\/types\/post"}],"author":[{"embeddable":true,"href":"https:\/\/haberbesiktas.tr\/index.php?rest_route=\/wp\/v2\/users\/1"}],"replies":[{"embeddable":true,"href":"https:\/\/haberbesiktas.tr\/index.php?rest_route=%2Fwp%2Fv2%2Fcomments&post=2222"}],"version-history":[{"count":1,"href":"https:\/\/haberbesiktas.tr\/index.php?rest_route=\/wp\/v2\/posts\/2222\/revisions"}],"predecessor-version":[{"id":2224,"href":"https:\/\/haberbesiktas.tr\/index.php?rest_route=\/wp\/v2\/posts\/2222\/revisions\/2224"}],"wp:featuredmedia":[{"embeddable":true,"href":"https:\/\/haberbesiktas.tr\/index.php?rest_route=\/wp\/v2\/media\/2223"}],"wp:attachment":[{"href":"https:\/\/haberbesiktas.tr\/index.php?rest_route=%2Fwp%2Fv2%2Fmedia&parent=2222"}],"wp:term":[{"taxonomy":"category","embeddable":true,"href":"https:\/\/haberbesiktas.tr\/index.php?rest_route=%2Fwp%2Fv2%2Fcategories&post=2222"},{"taxonomy":"post_tag","embeddable":true,"href":"https:\/\/haberbesiktas.tr\/index.php?rest_route=%2Fwp%2Fv2%2Ftags&post=2222"}],"curies":[{"name":"wp","href":"https:\/\/api.w.org\/{rel}","templated":true}]}}